{"id":42460,"date":"2026-09-04T07:15:00","date_gmt":"2026-09-04T07:15:00","guid":{"rendered":"https:\/\/www.abchukuk.com\/index.php\/2026\/09\/04\/yargitaydan-6-subat-deprem-davasinda-usul-karari-istinaf-yeniden-yargilama-yapacak\/"},"modified":"2026-09-04T07:15:00","modified_gmt":"2026-09-04T07:15:00","slug":"yargitaydan-6-subat-deprem-davasinda-usul-karari-istinaf-yeniden-yargilama-yapacak","status":"publish","type":"post","link":"https:\/\/www.abchukuk.com\/index.php\/2026\/09\/04\/yargitaydan-6-subat-deprem-davasinda-usul-karari-istinaf-yeniden-yargilama-yapacak\/","title":{"rendered":"Yarg\u0131tay&#8217;dan 6 \u015eubat deprem davas\u0131nda &#8216;usul&#8217; karar\u0131: \u0130stinaf yeniden yarg\u0131lama yapacak"},"content":{"rendered":"<p>Yarg\u0131tay 12. Ceza Dairesi, Kahramanmara\u015f&#8217;ta 6 \u015eubat depremlerinde y\u0131k\u0131lan binaya ili\u015fkin davada, san\u0131k \u015eener Yener hakk\u0131nda istinaf mahkemesince dosya \u00fczerinden verilen bozma karar\u0131n\u0131 hukuka ayk\u0131r\u0131 bularak, davan\u0131n yeniden duru\u015fmal\u0131 g\u00f6r\u00fclmesine h\u00fckmetti.Yarg\u0131tay 12. Ceza Dairesi, Kahramanmara\u015f&#8217;ta 6 \u015eubat depremlerinde y\u0131k\u0131lan binaya ili\u015fkin davada, san\u0131k \u015eener Yener hakk\u0131nda istinaf mahkemesince dosya \u00fczerinden verilen bozma karar\u0131n\u0131 hukuka ayk\u0131r\u0131 bularak, davan\u0131n yeniden duru\u015fmal\u0131 g\u00f6r\u00fclmesine h\u00fckmetti.\u00a0<a href=\"https:\/\/www.cumhuriyet.com.tr\/turkiye\/yargitay-dan-6-subat-deprem-davasinda-usul-karari-istinaf-yeniden-yargilama-yapacak-2534818\" target=\"_blank\" class=\"feedzy-rss-link-icon\">Read More<\/a><\/p>","protected":false},"excerpt":{"rendered":"<p>Yarg\u0131tay 12. Ceza Dairesi, Kahramanmara\u015f&#8217;ta 6 \u015eubat depremlerinde y\u0131k\u0131lan binaya ili\u015fkin davada, san\u0131k \u015eener Yener hakk\u0131nda istinaf mahkemesince dosya \u00fczerinden verilen bozma karar\u0131n\u0131 hukuka ayk\u0131r\u0131 bularak, davan\u0131n yeniden duru\u015fmal\u0131 g\u00f6r\u00fclmesine h\u00fckmetti.Yarg\u0131tay 12. Ceza Dairesi, Kahramanmara\u015f&#8217;ta 6 \u015eubat depremlerinde y\u0131k\u0131lan binaya ili\u015fkin davada, san\u0131k \u015eener Yener hakk\u0131nda istinaf mahkemesince dosya \u00fczerinden verilen bozma karar\u0131n\u0131 hukuka ayk\u0131r\u0131 [&hellip;]<\/p>\n","protected":false},"author":1,"featured_media":42461,"comment_status":"open","ping_status":"open","sticky":false,"template":"","format":"standard","meta":{"footnotes":"","_links_to":"","_links_to_target":""},"categories":[1],"tags":[],"class_list":["post-42460","post","type-post","status-publish","format-standard","has-post-thumbnail","hentry","category-haberler"],"_links":{"self":[{"href":"https:\/\/www.abchukuk.com\/index.php\/wp-json\/wp\/v2\/posts\/42460","targetHints":{"allow":["GET"]}}],"collection":[{"href":"https:\/\/www.abchukuk.com\/index.php\/wp-json\/wp\/v2\/posts"}],"about":[{"href":"https:\/\/www.abchukuk.com\/index.php\/wp-json\/wp\/v2\/types\/post"}],"author":[{"embeddable":true,"href":"https:\/\/www.abchukuk.com\/index.php\/wp-json\/wp\/v2\/users\/1"}],"replies":[{"embeddable":true,"href":"https:\/\/www.abchukuk.com\/index.php\/wp-json\/wp\/v2\/comments?post=42460"}],"version-history":[{"count":0,"href":"https:\/\/www.abchukuk.com\/index.php\/wp-json\/wp\/v2\/posts\/42460\/revisions"}],"wp:featuredmedia":[{"embeddable":true,"href":"https:\/\/www.abchukuk.com\/index.php\/wp-json\/wp\/v2\/media\/42461"}],"wp:attachment":[{"href":"https:\/\/www.abchukuk.com\/index.php\/wp-json\/wp\/v2\/media?parent=42460"}],"wp:term":[{"taxonomy":"category","embeddable":true,"href":"https:\/\/www.abchukuk.com\/index.php\/wp-json\/wp\/v2\/categories?post=42460"},{"taxonomy":"post_tag","embeddable":true,"href":"https:\/\/www.abchukuk.com\/index.php\/wp-json\/wp\/v2\/tags?post=42460"}],"curies":[{"name":"wp","href":"https:\/\/api.w.org\/{rel}","templated":true}]}}