{"id":42458,"date":"2026-09-04T07:17:00","date_gmt":"2026-09-04T07:17:00","guid":{"rendered":"https:\/\/www.abchukuk.com\/index.php\/2026\/09\/04\/10-kisinin-oldugu-okul-saldirisi-davasinda-ilk-durusma-basladi-isa-aras-mersinlinin-anne-ve-babasi-hakim-karsisinda\/"},"modified":"2026-09-04T07:17:00","modified_gmt":"2026-09-04T07:17:00","slug":"10-kisinin-oldugu-okul-saldirisi-davasinda-ilk-durusma-basladi-isa-aras-mersinlinin-anne-ve-babasi-hakim-karsisinda","status":"publish","type":"post","link":"https:\/\/www.abchukuk.com\/index.php\/2026\/09\/04\/10-kisinin-oldugu-okul-saldirisi-davasinda-ilk-durusma-basladi-isa-aras-mersinlinin-anne-ve-babasi-hakim-karsisinda\/","title":{"rendered":"10 ki\u015finin \u00f6ld\u00fc\u011f\u00fc okul sald\u0131r\u0131s\u0131 davas\u0131nda ilk duru\u015fma ba\u015flad\u0131: \u0130sa Aras Mersinli&#8217;nin anne ve babas\u0131 hakim kar\u015f\u0131s\u0131nda!"},"content":{"rendered":"<p>Kahramanmara\u015f&#8217;ta Ayla Kara adl\u0131 \u00f6\u011fretmen ile 9 \u00f6\u011frencinin hayat\u0131n\u0131 kaybetti\u011fi okul sald\u0131r\u0131s\u0131na ili\u015fkin davan\u0131n ilk duru\u015fmas\u0131 Kahramanmara\u015f 3. A\u011f\u0131r Ceza Mahkemesi&#8217;nde g\u00f6r\u00fclmeye ba\u015flad\u0131. Sald\u0131r\u0131da hayat\u0131n\u0131 kaybeden \u00f6\u011fretmen Ayla Kara&#8217;n\u0131n avukat\u0131 \u00d6zcan Kara duru\u015fma \u00f6ncesinde yapt\u0131\u011f\u0131 a\u00e7\u0131klamada, &#8220;Bug\u00fcn T\u00fcrkiye Cumhuriyeti tarihinde en hunharca i\u015flenmi\u015f katliamlardan birinin yarg\u0131lanmas\u0131na ba\u015flan\u0131yor. Bu yarg\u0131lama ve sonunda verilecek karar, bundan sonra ebeveynlerin \u00e7ocuklar\u0131n e\u011fitim ve g\u00f6zetimi konusunda \u00e7ok \u00f6nemli bir hukuki belge olacak ve topluma y\u00f6n verecektir&#8221; dedi.Kahramanmara\u015f&#8217;ta Ayla Kara adl\u0131 \u00f6\u011fretmen ile 9 \u00f6\u011frencinin hayat\u0131n\u0131 kaybetti\u011fi okul sald\u0131r\u0131s\u0131na ili\u015fkin davan\u0131n ilk duru\u015fmas\u0131 Kahramanmara\u015f 3. A\u011f\u0131r Ceza Mahkemesi&#8217;nde g\u00f6r\u00fclmeye ba\u015flad\u0131. Sald\u0131r\u0131da hayat\u0131n\u0131 kaybeden \u00f6\u011fretmen Ayla Kara&#8217;n\u0131n avukat\u0131 \u00d6zcan Kara duru\u015fma \u00f6ncesinde yapt\u0131\u011f\u0131 a\u00e7\u0131klamada, &#8220;Bug\u00fcn T\u00fcrkiye Cumhuriyeti tarihinde en hunharca i\u015flenmi\u015f katliamlardan birinin yarg\u0131lanmas\u0131na ba\u015flan\u0131yor. Bu yarg\u0131lama ve sonunda verilecek karar, bundan sonra ebeveynlerin \u00e7ocuklar\u0131n e\u011fitim ve g\u00f6zetimi konusunda \u00e7ok \u00f6nemli bir hukuki belge olacak ve topluma y\u00f6n verecektir&#8221; dedi.\u00a0<a href=\"https:\/\/www.cumhuriyet.com.tr\/turkiye\/10-kisinin-oldugu-okul-saldirisi-davasinda-ilk-durusma-basladi-isa-aras-mersinli-nin-anne-ve-babasi-hakim-karsisinda-2534819\" target=\"_blank\" class=\"feedzy-rss-link-icon\">Read More<\/a><\/p>","protected":false},"excerpt":{"rendered":"<p>Kahramanmara\u015f&#8217;ta Ayla Kara adl\u0131 \u00f6\u011fretmen ile 9 \u00f6\u011frencinin hayat\u0131n\u0131 kaybetti\u011fi okul sald\u0131r\u0131s\u0131na ili\u015fkin davan\u0131n ilk duru\u015fmas\u0131 Kahramanmara\u015f 3. A\u011f\u0131r Ceza Mahkemesi&#8217;nde g\u00f6r\u00fclmeye ba\u015flad\u0131. Sald\u0131r\u0131da hayat\u0131n\u0131 kaybeden \u00f6\u011fretmen Ayla Kara&#8217;n\u0131n avukat\u0131 \u00d6zcan Kara duru\u015fma \u00f6ncesinde yapt\u0131\u011f\u0131 a\u00e7\u0131klamada, &#8220;Bug\u00fcn T\u00fcrkiye Cumhuriyeti tarihinde en hunharca i\u015flenmi\u015f katliamlardan birinin yarg\u0131lanmas\u0131na ba\u015flan\u0131yor. Bu yarg\u0131lama ve sonunda verilecek karar, bundan sonra [&hellip;]<\/p>\n","protected":false},"author":1,"featured_media":42459,"comment_status":"open","ping_status":"open","sticky":false,"template":"","format":"standard","meta":{"footnotes":"","_links_to":"","_links_to_target":""},"categories":[1],"tags":[],"class_list":["post-42458","post","type-post","status-publish","format-standard","has-post-thumbnail","hentry","category-haberler"],"_links":{"self":[{"href":"https:\/\/www.abchukuk.com\/index.php\/wp-json\/wp\/v2\/posts\/42458","targetHints":{"allow":["GET"]}}],"collection":[{"href":"https:\/\/www.abchukuk.com\/index.php\/wp-json\/wp\/v2\/posts"}],"about":[{"href":"https:\/\/www.abchukuk.com\/index.php\/wp-json\/wp\/v2\/types\/post"}],"author":[{"embeddable":true,"href":"https:\/\/www.abchukuk.com\/index.php\/wp-json\/wp\/v2\/users\/1"}],"replies":[{"embeddable":true,"href":"https:\/\/www.abchukuk.com\/index.php\/wp-json\/wp\/v2\/comments?post=42458"}],"version-history":[{"count":0,"href":"https:\/\/www.abchukuk.com\/index.php\/wp-json\/wp\/v2\/posts\/42458\/revisions"}],"wp:featuredmedia":[{"embeddable":true,"href":"https:\/\/www.abchukuk.com\/index.php\/wp-json\/wp\/v2\/media\/42459"}],"wp:attachment":[{"href":"https:\/\/www.abchukuk.com\/index.php\/wp-json\/wp\/v2\/media?parent=42458"}],"wp:term":[{"taxonomy":"category","embeddable":true,"href":"https:\/\/www.abchukuk.com\/index.php\/wp-json\/wp\/v2\/categories?post=42458"},{"taxonomy":"post_tag","embeddable":true,"href":"https:\/\/www.abchukuk.com\/index.php\/wp-json\/wp\/v2\/tags?post=42458"}],"curies":[{"name":"wp","href":"https:\/\/api.w.org\/{rel}","templated":true}]}}