{"id":42454,"date":"2026-09-04T07:27:00","date_gmt":"2026-09-04T07:27:00","guid":{"rendered":"https:\/\/www.abchukuk.com\/index.php\/2026\/09\/04\/adalet-bakani-akin-gurlek-3-faili-mechul-cinayet-daha-aydinlatildi\/"},"modified":"2026-09-04T07:27:00","modified_gmt":"2026-09-04T07:27:00","slug":"adalet-bakani-akin-gurlek-3-faili-mechul-cinayet-daha-aydinlatildi","status":"publish","type":"post","link":"https:\/\/www.abchukuk.com\/index.php\/2026\/09\/04\/adalet-bakani-akin-gurlek-3-faili-mechul-cinayet-daha-aydinlatildi\/","title":{"rendered":"Adalet Bakan\u0131 Ak\u0131n G\u00fcrlek: 3 faili me\u00e7hul cinayet daha ayd\u0131nlat\u0131ld\u0131"},"content":{"rendered":"<p>Adalet Bakan\u0131 Ak\u0131n G\u00fcrlek, Faili Me\u00e7hul Su\u00e7lar\u0131 Ara\u015ft\u0131rma Daire Ba\u015fkanl\u0131\u011f\u0131 koordinasyonunda y\u00fcr\u00fct\u00fclen \u00e7al\u0131\u015fmalar sonucunda 3 faili me\u00e7hul cinayetin daha ayd\u0131nlat\u0131ld\u0131\u011f\u0131n\u0131 a\u00e7\u0131klad\u0131. \u0130stanbul, Mardin ve Manisa\u2019daki dosyalara ili\u015fkin yeni \u00e7al\u0131\u015fmalarda \u00e7ok say\u0131da \u015f\u00fcpheli tespit edildi.Adalet Bakan\u0131 Ak\u0131n G\u00fcrlek, Faili Me\u00e7hul Su\u00e7lar\u0131 Ara\u015ft\u0131rma Daire Ba\u015fkanl\u0131\u011f\u0131 koordinasyonunda y\u00fcr\u00fct\u00fclen \u00e7al\u0131\u015fmalar sonucunda 3 faili me\u00e7hul cinayetin daha ayd\u0131nlat\u0131ld\u0131\u011f\u0131n\u0131 a\u00e7\u0131klad\u0131. \u0130stanbul, Mardin ve Manisa\u2019daki dosyalara ili\u015fkin yeni \u00e7al\u0131\u015fmalarda \u00e7ok say\u0131da \u015f\u00fcpheli tespit edildi.\u00a0<a href=\"https:\/\/www.dunya.com\/gundem\/adalet-bakani-akin-gurlek-3-faili-mechul-cinayet-daha-aydinlatildi-haberi-838712\" target=\"_blank\" class=\"feedzy-rss-link-icon\">Read More<\/a><\/p>","protected":false},"excerpt":{"rendered":"<p>Adalet Bakan\u0131 Ak\u0131n G\u00fcrlek, Faili Me\u00e7hul Su\u00e7lar\u0131 Ara\u015ft\u0131rma Daire Ba\u015fkanl\u0131\u011f\u0131 koordinasyonunda y\u00fcr\u00fct\u00fclen \u00e7al\u0131\u015fmalar sonucunda 3 faili me\u00e7hul cinayetin daha ayd\u0131nlat\u0131ld\u0131\u011f\u0131n\u0131 a\u00e7\u0131klad\u0131. \u0130stanbul, Mardin ve Manisa\u2019daki dosyalara ili\u015fkin yeni \u00e7al\u0131\u015fmalarda \u00e7ok say\u0131da \u015f\u00fcpheli tespit edildi.Adalet Bakan\u0131 Ak\u0131n G\u00fcrlek, Faili Me\u00e7hul Su\u00e7lar\u0131 Ara\u015ft\u0131rma Daire Ba\u015fkanl\u0131\u011f\u0131 koordinasyonunda y\u00fcr\u00fct\u00fclen \u00e7al\u0131\u015fmalar sonucunda 3 faili me\u00e7hul cinayetin daha ayd\u0131nlat\u0131ld\u0131\u011f\u0131n\u0131 a\u00e7\u0131klad\u0131. \u0130stanbul, [&hellip;]<\/p>\n","protected":false},"author":1,"featured_media":42455,"comment_status":"open","ping_status":"open","sticky":false,"template":"","format":"standard","meta":{"footnotes":"","_links_to":"","_links_to_target":""},"categories":[1],"tags":[],"class_list":["post-42454","post","type-post","status-publish","format-standard","has-post-thumbnail","hentry","category-haberler"],"_links":{"self":[{"href":"https:\/\/www.abchukuk.com\/index.php\/wp-json\/wp\/v2\/posts\/42454","targetHints":{"allow":["GET"]}}],"collection":[{"href":"https:\/\/www.abchukuk.com\/index.php\/wp-json\/wp\/v2\/posts"}],"about":[{"href":"https:\/\/www.abchukuk.com\/index.php\/wp-json\/wp\/v2\/types\/post"}],"author":[{"embeddable":true,"href":"https:\/\/www.abchukuk.com\/index.php\/wp-json\/wp\/v2\/users\/1"}],"replies":[{"embeddable":true,"href":"https:\/\/www.abchukuk.com\/index.php\/wp-json\/wp\/v2\/comments?post=42454"}],"version-history":[{"count":0,"href":"https:\/\/www.abchukuk.com\/index.php\/wp-json\/wp\/v2\/posts\/42454\/revisions"}],"wp:featuredmedia":[{"embeddable":true,"href":"https:\/\/www.abchukuk.com\/index.php\/wp-json\/wp\/v2\/media\/42455"}],"wp:attachment":[{"href":"https:\/\/www.abchukuk.com\/index.php\/wp-json\/wp\/v2\/media?parent=42454"}],"wp:term":[{"taxonomy":"category","embeddable":true,"href":"https:\/\/www.abchukuk.com\/index.php\/wp-json\/wp\/v2\/categories?post=42454"},{"taxonomy":"post_tag","embeddable":true,"href":"https:\/\/www.abchukuk.com\/index.php\/wp-json\/wp\/v2\/tags?post=42454"}],"curies":[{"name":"wp","href":"https:\/\/api.w.org\/{rel}","templated":true}]}}