{"id":42453,"date":"2026-09-04T07:29:44","date_gmt":"2026-09-04T07:29:44","guid":{"rendered":"https:\/\/www.abchukuk.com\/index.php\/2026\/09\/04\/flas-gelisme-adalet-bakani-gurlek-acikladi-3-faili-mechul-cinayet-daha-aydinlatildi\/"},"modified":"2026-09-04T07:29:44","modified_gmt":"2026-09-04T07:29:44","slug":"flas-gelisme-adalet-bakani-gurlek-acikladi-3-faili-mechul-cinayet-daha-aydinlatildi","status":"publish","type":"post","link":"https:\/\/www.abchukuk.com\/index.php\/2026\/09\/04\/flas-gelisme-adalet-bakani-gurlek-acikladi-3-faili-mechul-cinayet-daha-aydinlatildi\/","title":{"rendered":"FLA\u015e GEL\u0130\u015eME! Adalet Bakan\u0131 G\u00fcrlek a\u00e7\u0131klad\u0131: 3 faili me\u00e7hul cinayet daha ayd\u0131nlat\u0131ld\u0131!"},"content":{"rendered":"<p><strong>SON.TV\/ANKARA<\/strong><\/p>\n<p>Y\u0131llard\u0131r faili me\u00e7hul olarak kalan cinayet dosyalar\u0131n\u0131n ayd\u0131nlat\u0131lmas\u0131na y\u00f6nelik \u00e7al\u0131\u015fmalar s\u00fcr\u00fcyor. <strong>Adalet Bakan\u0131 Ak\u0131n G\u00fcrlek, Cumhuriyet Ba\u015fsavc\u0131l\u0131klar\u0131<\/strong> ile <strong>emniyet<\/strong> ve <strong>jandarma<\/strong> te\u015fkilatlar\u0131n\u0131n y\u00fcr\u00fctt\u00fc\u011f\u00fc \u00e7al\u0131\u015fmalar sonucunda \u00fc\u00e7 cinayet dosyas\u0131nda \u00f6nemli geli\u015fmeler ya\u015fand\u0131\u011f\u0131n\u0131 duyurdu.<\/p>\n<p><strong>G\u00fcrlek<\/strong>, 24 Nisan 2026 tarihinde kurulan <strong>Faili Me\u00e7hul Su\u00e7lar\u0131 Ara\u015ft\u0131rma Daire Ba\u015fkanl\u0131\u011f\u0131<\/strong> koordinasyonunda eski dosyalardaki delillerin teknolojik imk\u00e2nlardan yararlan\u0131larak yeniden incelendi\u011fini bildirdi.<\/p>\n<p><strong>\u0130STANBUL\u2019DAK\u0130 KAYIP DOSYASINDA CESEDE ULA\u015eILDI<\/strong><\/p>\n<p><strong>\u0130stanbul\u2019<\/strong>da 12 Eyl\u00fcl 2022 tarihinden bu yana kay\u0131p olan <strong>Zeynep Y\u0131ld\u0131r\u0131m<\/strong> dosyas\u0131 yeniden ele al\u0131nd\u0131.<\/p>\n<p>Y\u00fcr\u00fct\u00fclen \u00e7al\u0131\u015fmalarda <strong>Y\u0131ld\u0131r\u0131m<\/strong>\u2019\u0131n kaybolmadan \u00f6nce son olarak <strong>Fethi Da\u011fl\u0131<\/strong> ile ileti\u015fim kurdu\u011fu belirlendi.<\/p>\n<p>Ba\u015fka bir cinayet soru\u015fturmas\u0131 kapsam\u0131nda tutuklu bulunan Da\u011fl\u0131\u2019n\u0131n sorgulanmas\u0131n\u0131n ard\u0131ndan 1 Eyl\u00fcl 2026 tarihinde yer g\u00f6sterme i\u015flemi ger\u00e7ekle\u015ftirildi. Yap\u0131lan \u00e7al\u0131\u015fma s\u0131ras\u0131nda bir kad\u0131n cesedine ula\u015f\u0131ld\u0131.<\/p>\n<p><strong>Adli T\u0131p Kurumu<\/strong>nda ger\u00e7ekle\u015ftirilen kimlik tespit \u00e7al\u0131\u015fmas\u0131nda cesedin <strong>Zeynep Y\u0131ld\u0131r\u0131m<\/strong>\u2019a ait oldu\u011fu belirlendi. <strong>Fethi Da\u011fl\u0131<\/strong> ise bu soru\u015fturma kapsam\u0131nda yeniden tutukland\u0131.<\/p>\n<p><strong>14 YILLIK BABA-KIZ C\u0130NAYET\u0130 DOSYASI YEN\u0130DEN A\u00c7ILDI<\/strong><\/p>\n<p>\u0130kinci dosya <strong>Mardin<\/strong>\u2019in <strong>Nusaybin<\/strong> il\u00e7esinde 2012 y\u0131l\u0131nda \u00f6ld\u00fcr\u00fclen <strong>\u0130smail Ak\u0131n<\/strong> ile hen\u00fcz 10 ya\u015f\u0131ndaki k\u0131z\u0131 <strong>Elif Ak\u0131n\u2019<\/strong>a ili\u015fkin.<\/p>\n<p>Aradan ge\u00e7en 14 y\u0131l\u0131n ard\u0131ndan dosya yeniden ele al\u0131nd\u0131.<\/p>\n<p>Soru\u015fturma kapsam\u0131nda ge\u00e7mi\u015fte al\u0131nan beyanlardaki \u00e7eli\u015fkiler, HTS kay\u0131tlar\u0131, daralt\u0131lm\u0131\u015f baz \u00e7al\u0131\u015fmalar\u0131 ve elde edilen yeni bulgular birlikte de\u011ferlendirildi.<\/p>\n<p>Y\u00fcr\u00fct\u00fclen \u00e7al\u0131\u015fmalar sonucunda cinayetlerle ba\u011flant\u0131l\u0131 oldu\u011fu de\u011ferlendirilen \u015f\u00fcpheliler tespit edildi.<\/p>\n<p><strong>4 \u0130LDE OPERASYON: 15 G\u00d6ZALTI<\/strong><\/p>\n<p>Soru\u015fturma kapsam\u0131nda d\u00f6rt ilde e\u015f zamanl\u0131 operasyonlar ger\u00e7ekle\u015ftirildi.<\/p>\n<p>Operasyonlarda 15 \u015f\u00fcpheli yakalanarak g\u00f6zalt\u0131na al\u0131nd\u0131. Hakk\u0131nda i\u015flem y\u00fcr\u00fct\u00fclen bir \u015f\u00fcphelinin daha yakalanmas\u0131 i\u00e7in \u00e7al\u0131\u015fmalar\u0131n devam etti\u011fi a\u00e7\u0131kland\u0131.<\/p>\n<p><strong>AKH\u0130SAR\u2019DAK\u0130 2016 TAR\u0130HL\u0130 C\u0130NAYETTE YEN\u0130 GEL\u0130\u015eME<\/strong><\/p>\n<p>Ayd\u0131nlat\u0131lan \u00fc\u00e7\u00fcnc\u00fc dosya ise <strong>Manisa<\/strong>\u2019n\u0131n <strong>Akhisar<\/strong> il\u00e7esinde 2016 y\u0131l\u0131nda \u00f6ld\u00fcr\u00fclen <strong>Abdurrahman Aysu<\/strong>\u2019ya ili\u015fkin oldu.<\/p>\n<p>Dosya \u00fczerinde ger\u00e7ekle\u015ftirilen yeni \u00e7al\u0131\u015fmalar sonucunda cinayetin failleri ile su\u00e7un gizlenmesinde rol ald\u0131\u011f\u0131 de\u011ferlendirilen \u015f\u00fcphelilerin tespit edildi\u011fi bildirildi.<\/p>\n<p><strong>Akhisar Cumhuriyet Ba\u015fsavc\u0131l\u0131\u011f\u0131 koordinesinde Manisa, Bursa ve \u0130stanbul\u2019da e\u015f zamanl\u0131 operasyonlar d\u00fczenlendi.<\/strong><\/p>\n<p>Operasyonlarda 7 \u015f\u00fcpheli g\u00f6zalt\u0131na al\u0131nd\u0131.<\/p>\n<p><strong>3 DOSYADA TOPLAM 22 G\u00d6ZALTI<\/strong><\/p>\n<p>B\u00f6ylece <strong>Mardin\u2019<\/strong>deki soru\u015fturmada 15, Manisa\u2019daki soru\u015fturmada ise 7 olmak \u00fczere toplam 22 \u015f\u00fcpheli g\u00f6zalt\u0131na al\u0131nd\u0131.<\/p>\n<p><strong>\u0130stanbul<\/strong>\u2019daki <strong>Zeynep Y\u0131ld\u0131r\u0131m<\/strong> dosyas\u0131nda ise ba\u015fka bir cinayet soru\u015fturmas\u0131 nedeniyle cezaevinde bulunan <strong>Fethi Da\u011fl\u0131<\/strong>, y\u00fcr\u00fct\u00fclen yeni soru\u015fturma kapsam\u0131nda yeniden tutukland\u0131.<\/p>\n<p><strong>G\u00dcRLEK: ADALET ER YA DA GE\u00c7 MUTLAKA TECELL\u0130 EDECEKT\u0130R<\/strong><\/p>\n<p><strong>Adalet Bakan\u0131 Ak\u0131n G\u00fcrlek<\/strong>, a\u00e7\u0131klamas\u0131na <strong>\u201cAdalet, er ya da ge\u00e7 mutlaka tecelli edecektir\u201d<\/strong> s\u00f6zleriyle ba\u015flad\u0131.<\/p>\n<p>Adalet ve g\u00fcvenlik te\u015fkilatlar\u0131 aras\u0131ndaki koordinasyona dikkat \u00e7eken <strong>G\u00fcrlek<\/strong>, y\u0131llard\u0131r adalet bekleyen ailelere ili\u015fkin \u015fu ifadeleri kulland\u0131:<\/p>\n<p><strong>\u201cBir evlad\u0131n, bir annenin, bir baban\u0131n, bir karde\u015fin y\u0131llard\u0131r bekledi\u011fi adaleti sa\u011flamak i\u00e7in durmadan \u00e7al\u0131\u015f\u0131yoruz.\u201d<\/strong><\/p>\n<p><strong>G\u00fcrlek, Faili Me\u00e7hul Su\u00e7lar\u0131 Ara\u015ft\u0131rma Daire Ba\u015fkanl\u0131\u011f\u0131<\/strong>n\u0131n koordinasyonundaki son \u00e7al\u0131\u015fmalara ili\u015fkin de <strong>\u201cBug\u00fcn 3 faili me\u00e7hul cinayet daha ayd\u0131nlat\u0131ld\u0131\u201d<\/strong> a\u00e7\u0131klamas\u0131nda bulundu.<\/p>\n<p><strong>40 DOSYADA 46 MAKTUL VE 7 YARALI<\/strong><\/p>\n<p><strong>Bakan G\u00fcrlek,<\/strong> 24 Nisan 2026 tarihinde kurulan Faili Me\u00e7hul Su\u00e7lar\u0131 Ara\u015ft\u0131rma Daire Ba\u015fkanl\u0131\u011f\u0131n\u0131n bug\u00fcne kadarki \u00e7al\u0131\u015fmalar\u0131n\u0131n bilan\u00e7osunu da a\u00e7\u0131klad\u0131.<\/p>\n<p><strong>G\u00fcrlek<\/strong>\u2019in verdi\u011fi bilgilere g\u00f6re, Ba\u015fkanl\u0131\u011f\u0131n koordinasyonunda Cumhuriyet Ba\u015fsavc\u0131l\u0131klar\u0131yla y\u00fcr\u00fct\u00fclen \u00e7al\u0131\u015fmalar sonucunda bug\u00fcne kadar 40 dosyada, 46 maktul ve 7 yaral\u0131n\u0131n bulundu\u011fu faili me\u00e7hul olay ayd\u0131nlat\u0131ld\u0131.<\/p>\n<p><strong>Bakan G\u00fcrlek; \u0130stanbul Cumhuriyet Ba\u015fsavc\u0131l\u0131\u011f\u0131, Mardin ve Nusaybin Cumhuriyet Ba\u015fsavc\u0131l\u0131klar\u0131, Akhisar Cumhuriyet Ba\u015fsavc\u0131l\u0131\u011f\u0131, \u0130stanbul Emniyet M\u00fcd\u00fcrl\u00fc\u011f\u00fc, Mardin JASAT, Nusaybin \u0130l\u00e7e Jandarma Komutanl\u0131\u011f\u0131, Akhisar Jandarma Komutanl\u0131\u011f\u0131, Faili Me\u00e7hul Su\u00e7lar\u0131 Ara\u015ft\u0131rma Daire Ba\u015fkanl\u0131\u011f\u0131 ve Adli T\u0131p Kurumu ile \u00e7al\u0131\u015fmalarda g\u00f6rev alan kamu g\u00f6revlilerine te\u015fekk\u00fcr etti.<\/strong><\/p>\n<p><strong>ESK\u0130 DEL\u0130LLER TEK TEK YEN\u0130DEN \u0130NCELENECEK<\/strong><\/p>\n<p><strong>G\u00fcrlek<\/strong>, faili me\u00e7hul dosyalara y\u00f6nelik \u00e7al\u0131\u015fmalar\u0131n devam edece\u011fini belirterek teknolojinin sundu\u011fu imk\u00e2nlardan yararlan\u0131laca\u011f\u0131n\u0131, eski dosyalardaki delillerin yeniden incelenece\u011fini ve soru\u015fturmalardaki \u00e7eli\u015fkilerin tek tek de\u011ferlendirilece\u011fini bildirdi.<\/p>\n<p><strong>\u201cH\u0130\u00c7B\u0130R FA\u0130L\u0130 ME\u00c7HUL\u00dcN PE\u015e\u0130N\u0130 BIRAKMAYACA\u011eIZ\u201d<\/strong><\/p>\n<p><strong>Bakan G\u00fcrlek a\u00e7\u0131klamas\u0131n\u0131 \u015fu s\u00f6zlerle tamamlad\u0131:<\/strong><\/p>\n<p><strong>\u201cAradan ka\u00e7 y\u0131l ge\u00e7erse ge\u00e7sin hi\u00e7bir dosyay\u0131 unutmayacak, hi\u00e7bir faili me\u00e7hul\u00fcn pe\u015fini b\u0131rakmayaca\u011f\u0131z.\u201d<\/strong><\/p>\n<p><strong>ET\u0130KETLER: #Ak\u0131nG\u00fcrlek #AdaletBakanl\u0131\u011f\u0131 #FailiMe\u00e7hul #FailiMe\u00e7hulCinayetler #ZeynepY\u0131ld\u0131r\u0131m #\u0130smailAk\u0131n #ElifAk\u0131n #AbdurrahmanAysu #\u0130stanbul #Mardin #Nusaybin #Manisa #Akhisar<\/strong><\/p>\n<p>Adalet Bakan\u0131 Ak\u0131n G\u00fcrlek, Faili Me\u00e7hul Su\u00e7lar\u0131 Ara\u015ft\u0131rma Daire Ba\u015fkanl\u0131\u011f\u0131 koordinasyonunda y\u00fcr\u00fct\u00fclen \u00e7al\u0131\u015fmalar sonucunda \u0130stanbul, Mardin ve Manisa\u2019daki 3 faili me\u00e7hul cinayetin daha ayd\u0131nlat\u0131ld\u0131\u011f\u0131n\u0131 a\u00e7\u0131klad\u0131. \u0130stanbul\u2019daki dosyada bir \u015f\u00fcpheli yeniden tutuklan\u0131rken, Mardin ve Manisa merkezli operasyonlarda toplam 22 \u015f\u00fcpheli g\u00f6zalt\u0131na al\u0131nd\u0131. Bir \u015f\u00fcphelinin yakalanmas\u0131na y\u00f6nelik \u00e7al\u0131\u015fmalar ise s\u00fcr\u00fcyor.\u00a0<a href=\"https:\/\/www.son.tv\/flas-gelisme-adalet-bakani-gurlek-acikladi-3-faili-mechul-cinayet-daha-aydinlatildi\/\" target=\"_blank\" class=\"feedzy-rss-link-icon\">Read More<\/a><\/p>","protected":false},"excerpt":{"rendered":"<p>SON.TV\/ANKARA Y\u0131llard\u0131r faili me\u00e7hul olarak kalan cinayet dosyalar\u0131n\u0131n ayd\u0131nlat\u0131lmas\u0131na y\u00f6nelik \u00e7al\u0131\u015fmalar s\u00fcr\u00fcyor. Adalet Bakan\u0131 Ak\u0131n G\u00fcrlek, Cumhuriyet Ba\u015fsavc\u0131l\u0131klar\u0131 ile emniyet ve jandarma te\u015fkilatlar\u0131n\u0131n y\u00fcr\u00fctt\u00fc\u011f\u00fc \u00e7al\u0131\u015fmalar sonucunda \u00fc\u00e7 cinayet dosyas\u0131nda \u00f6nemli geli\u015fmeler ya\u015fand\u0131\u011f\u0131n\u0131 duyurdu. G\u00fcrlek, 24 Nisan 2026 tarihinde kurulan Faili Me\u00e7hul Su\u00e7lar\u0131 Ara\u015ft\u0131rma Daire Ba\u015fkanl\u0131\u011f\u0131 koordinasyonunda eski dosyalardaki delillerin teknolojik imk\u00e2nlardan yararlan\u0131larak yeniden incelendi\u011fini bildirdi. [&hellip;]<\/p>\n","protected":false},"author":1,"featured_media":0,"comment_status":"open","ping_status":"open","sticky":false,"template":"","format":"standard","meta":{"footnotes":"","_links_to":"","_links_to_target":""},"categories":[1],"tags":[],"class_list":["post-42453","post","type-post","status-publish","format-standard","hentry","category-haberler"],"_links":{"self":[{"href":"https:\/\/www.abchukuk.com\/index.php\/wp-json\/wp\/v2\/posts\/42453","targetHints":{"allow":["GET"]}}],"collection":[{"href":"https:\/\/www.abchukuk.com\/index.php\/wp-json\/wp\/v2\/posts"}],"about":[{"href":"https:\/\/www.abchukuk.com\/index.php\/wp-json\/wp\/v2\/types\/post"}],"author":[{"embeddable":true,"href":"https:\/\/www.abchukuk.com\/index.php\/wp-json\/wp\/v2\/users\/1"}],"replies":[{"embeddable":true,"href":"https:\/\/www.abchukuk.com\/index.php\/wp-json\/wp\/v2\/comments?post=42453"}],"version-history":[{"count":0,"href":"https:\/\/www.abchukuk.com\/index.php\/wp-json\/wp\/v2\/posts\/42453\/revisions"}],"wp:attachment":[{"href":"https:\/\/www.abchukuk.com\/index.php\/wp-json\/wp\/v2\/media?parent=42453"}],"wp:term":[{"taxonomy":"category","embeddable":true,"href":"https:\/\/www.abchukuk.com\/index.php\/wp-json\/wp\/v2\/categories?post=42453"},{"taxonomy":"post_tag","embeddable":true,"href":"https:\/\/www.abchukuk.com\/index.php\/wp-json\/wp\/v2\/tags?post=42453"}],"curies":[{"name":"wp","href":"https:\/\/api.w.org\/{rel}","templated":true}]}}