{"id":42452,"date":"2026-09-04T07:33:46","date_gmt":"2026-09-04T07:33:46","guid":{"rendered":"https:\/\/www.abchukuk.com\/index.php\/2026\/09\/04\/bakan-gurlek-duyurdu-istanbul-mardin-ve-manisadaki-3-faili-mechul-cinayet-daha-aydinlatildi\/"},"modified":"2026-09-04T07:33:46","modified_gmt":"2026-09-04T07:33:46","slug":"bakan-gurlek-duyurdu-istanbul-mardin-ve-manisadaki-3-faili-mechul-cinayet-daha-aydinlatildi","status":"publish","type":"post","link":"https:\/\/www.abchukuk.com\/index.php\/2026\/09\/04\/bakan-gurlek-duyurdu-istanbul-mardin-ve-manisadaki-3-faili-mechul-cinayet-daha-aydinlatildi\/","title":{"rendered":"Bakan G\u00fcrlek duyurdu: \u0130stanbul, Mardin ve Manisa&#8217;daki 3 faili me\u00e7hul cinayet daha ayd\u0131nlat\u0131ld\u0131"},"content":{"rendered":"<p>Adalet Bakan\u0131 Ak\u0131n G\u00fcrlek, Faili Me\u00e7hul Su\u00e7lar\u0131 Ara\u015ft\u0131rma Daire Ba\u015fkanl\u0131\u011f\u0131 koordinasyonunda y\u00fcr\u00fct\u00fclen \u00e7al\u0131\u015fmalar sonucunda, y\u0131llard\u0131r \u00e7\u00f6z\u00fclemeyen 3 ayr\u0131 cinayet dosyas\u0131n\u0131n ayd\u0131nlat\u0131ld\u0131\u011f\u0131n\u0131 bildirdi.Adalet Bakan\u0131 Ak\u0131n G\u00fcrlek, Faili Me\u00e7hul Su\u00e7lar\u0131 Ara\u015ft\u0131rma Daire Ba\u015fkanl\u0131\u011f\u0131 koordinasyonunda y\u00fcr\u00fct\u00fclen \u00e7al\u0131\u015fmalar sonucunda, y\u0131llard\u0131r \u00e7\u00f6z\u00fclemeyen 3 ayr\u0131 cinayet dosyas\u0131n\u0131n ayd\u0131nlat\u0131ld\u0131\u011f\u0131n\u0131 bildirdi.\u00a0<a href=\"https:\/\/anlatilaninotesi.com.tr\/20260904\/bakan-gurlek-duyurdu-istanbul-mardin-ve-manisadaki-3-faili-mechul-cinayet-daha-aydinlatildi-1108492624.html\" target=\"_blank\" class=\"feedzy-rss-link-icon\">Read More<\/a><\/p>","protected":false},"excerpt":{"rendered":"<p>Adalet Bakan\u0131 Ak\u0131n G\u00fcrlek, Faili Me\u00e7hul Su\u00e7lar\u0131 Ara\u015ft\u0131rma Daire Ba\u015fkanl\u0131\u011f\u0131 koordinasyonunda y\u00fcr\u00fct\u00fclen \u00e7al\u0131\u015fmalar sonucunda, y\u0131llard\u0131r \u00e7\u00f6z\u00fclemeyen 3 ayr\u0131 cinayet dosyas\u0131n\u0131n ayd\u0131nlat\u0131ld\u0131\u011f\u0131n\u0131 bildirdi.Adalet Bakan\u0131 Ak\u0131n G\u00fcrlek, Faili Me\u00e7hul Su\u00e7lar\u0131 Ara\u015ft\u0131rma Daire Ba\u015fkanl\u0131\u011f\u0131 koordinasyonunda y\u00fcr\u00fct\u00fclen \u00e7al\u0131\u015fmalar sonucunda, y\u0131llard\u0131r \u00e7\u00f6z\u00fclemeyen 3 ayr\u0131 cinayet dosyas\u0131n\u0131n ayd\u0131nlat\u0131ld\u0131\u011f\u0131n\u0131 bildirdi.\u00a0Read More<\/p>\n","protected":false},"author":1,"featured_media":0,"comment_status":"open","ping_status":"open","sticky":false,"template":"","format":"standard","meta":{"footnotes":"","_links_to":"","_links_to_target":""},"categories":[1],"tags":[],"class_list":["post-42452","post","type-post","status-publish","format-standard","hentry","category-haberler"],"_links":{"self":[{"href":"https:\/\/www.abchukuk.com\/index.php\/wp-json\/wp\/v2\/posts\/42452","targetHints":{"allow":["GET"]}}],"collection":[{"href":"https:\/\/www.abchukuk.com\/index.php\/wp-json\/wp\/v2\/posts"}],"about":[{"href":"https:\/\/www.abchukuk.com\/index.php\/wp-json\/wp\/v2\/types\/post"}],"author":[{"embeddable":true,"href":"https:\/\/www.abchukuk.com\/index.php\/wp-json\/wp\/v2\/users\/1"}],"replies":[{"embeddable":true,"href":"https:\/\/www.abchukuk.com\/index.php\/wp-json\/wp\/v2\/comments?post=42452"}],"version-history":[{"count":0,"href":"https:\/\/www.abchukuk.com\/index.php\/wp-json\/wp\/v2\/posts\/42452\/revisions"}],"wp:attachment":[{"href":"https:\/\/www.abchukuk.com\/index.php\/wp-json\/wp\/v2\/media?parent=42452"}],"wp:term":[{"taxonomy":"category","embeddable":true,"href":"https:\/\/www.abchukuk.com\/index.php\/wp-json\/wp\/v2\/categories?post=42452"},{"taxonomy":"post_tag","embeddable":true,"href":"https:\/\/www.abchukuk.com\/index.php\/wp-json\/wp\/v2\/tags?post=42452"}],"curies":[{"name":"wp","href":"https:\/\/api.w.org\/{rel}","templated":true}]}}