{"id":42450,"date":"2026-09-04T07:44:00","date_gmt":"2026-09-04T07:44:00","guid":{"rendered":"https:\/\/www.abchukuk.com\/index.php\/2026\/09\/04\/kahramanmarastaki-okul-saldirisinda-ilk-durusma-baba-mersinli-oglum-hakkinda-dava-acilmali\/"},"modified":"2026-09-04T07:44:00","modified_gmt":"2026-09-04T07:44:00","slug":"kahramanmarastaki-okul-saldirisinda-ilk-durusma-baba-mersinli-oglum-hakkinda-dava-acilmali","status":"publish","type":"post","link":"https:\/\/www.abchukuk.com\/index.php\/2026\/09\/04\/kahramanmarastaki-okul-saldirisinda-ilk-durusma-baba-mersinli-oglum-hakkinda-dava-acilmali\/","title":{"rendered":"Kahramanmara\u015f\u2019taki Okul Sald\u0131r\u0131s\u0131nda \u0130lk Duru\u015fma! Baba Mersinli: &#8216;O\u011flum Hakk\u0131nda Dava A\u00e7\u0131lmal\u0131&#8217;"},"content":{"rendered":"<p><a href=\"https:\/\/www.gercekgundem.com\/gundem\/kahramanmarastaki-okul-saldirisinda-ilk-durusma-baba-mersinli-oglum-hakkinda-dava-acilmalidir-577984\"><br \/>\n                                                            <img decoding=\"async\" src=\"https:\/\/i.gercekgundem.com\/2\/150\/84\/storage\/files\/images\/2026\/09\/04\/kahramanmarastaki-okul-saldirisinda-ilk-durusma-baba-mersinli-oglum-hakkinda-dava-acilmalidir-usyx.jpg\" width=\"150\" height=\"84\" border=\"0\" align=\"right\" \/><br \/>\n                                                    <\/a><\/p>\n<h4>Kahramanmara\u015f\u2019ta Ayser \u00c7al\u0131k Ortaokulu\u2019nda 10 ki\u015finin ya\u015fam\u0131n\u0131 yitirdi\u011fi, 15 \u00f6\u011frencinin yaraland\u0131\u011f\u0131 silahl\u0131 sald\u0131r\u0131yla ilgili davada ilk duru\u015fma g\u00f6r\u00fcld\u00fc. Sald\u0131r\u0131n\u0131n faili oldu\u011fu belirtilen 14 ya\u015f\u0131ndaki \u0130sa Aras Mersinli\u2019nin tutuklu babas\u0131 U\u011fur Mersinli ile annesi Peyman P\u0131nar Mersinli ilk kez hakim kar\u015f\u0131s\u0131na \u00e7\u0131karken, baba Mersinli su\u00e7lamalar\u0131 reddederek sald\u0131r\u0131n\u0131n faili olarak o\u011flunun yarg\u0131lanmas\u0131n\u0131 talep etti.<\/h4>\n<p>Kahramanmara\u015f\u2019ta Ayser \u00c7al\u0131k Ortaokulu\u2019nda 10 ki\u015finin ya\u015fam\u0131n\u0131 yitirdi\u011fi, 15 \u00f6\u011frencinin yaraland\u0131\u011f\u0131 silahl\u0131 sald\u0131r\u0131yla ilgili davada ilk duru\u015fma g\u00f6r\u00fcld\u00fc. Sald\u0131r\u0131n\u0131n faili oldu\u011fu belirtilen 14 ya\u015f\u0131ndaki \u0130sa Aras Mersinli\u2019nin tutuklu babas\u0131 U\u011fur Mersinli ile annesi Peyman P\u0131nar Mersinli ilk kez hakim kar\u015f\u0131s\u0131na \u00e7\u0131karken, baba Mersinli su\u00e7lamalar\u0131 reddederek sald\u0131r\u0131n\u0131n faili olarak o\u011flunun yarg\u0131lanmas\u0131n\u0131 talep etti.\u00a0<a href=\"https:\/\/www.gercekgundem.com\/gundem\/kahramanmarastaki-okul-saldirisinda-ilk-durusma-baba-mersinli-oglum-hakkinda-dava-acilmalidir-577984\" target=\"_blank\" class=\"feedzy-rss-link-icon\">Read More<\/a><\/p>","protected":false},"excerpt":{"rendered":"<p>Kahramanmara\u015f\u2019ta Ayser \u00c7al\u0131k Ortaokulu\u2019nda 10 ki\u015finin ya\u015fam\u0131n\u0131 yitirdi\u011fi, 15 \u00f6\u011frencinin yaraland\u0131\u011f\u0131 silahl\u0131 sald\u0131r\u0131yla ilgili davada ilk duru\u015fma g\u00f6r\u00fcld\u00fc. Sald\u0131r\u0131n\u0131n faili oldu\u011fu belirtilen 14 ya\u015f\u0131ndaki \u0130sa Aras Mersinli\u2019nin tutuklu babas\u0131 U\u011fur Mersinli ile annesi Peyman P\u0131nar Mersinli ilk kez hakim kar\u015f\u0131s\u0131na \u00e7\u0131karken, baba Mersinli su\u00e7lamalar\u0131 reddederek sald\u0131r\u0131n\u0131n faili olarak o\u011flunun yarg\u0131lanmas\u0131n\u0131 talep etti. Kahramanmara\u015f\u2019ta Ayser \u00c7al\u0131k [&hellip;]<\/p>\n","protected":false},"author":1,"featured_media":42451,"comment_status":"open","ping_status":"open","sticky":false,"template":"","format":"standard","meta":{"footnotes":"","_links_to":"","_links_to_target":""},"categories":[1],"tags":[],"class_list":["post-42450","post","type-post","status-publish","format-standard","has-post-thumbnail","hentry","category-haberler"],"_links":{"self":[{"href":"https:\/\/www.abchukuk.com\/index.php\/wp-json\/wp\/v2\/posts\/42450","targetHints":{"allow":["GET"]}}],"collection":[{"href":"https:\/\/www.abchukuk.com\/index.php\/wp-json\/wp\/v2\/posts"}],"about":[{"href":"https:\/\/www.abchukuk.com\/index.php\/wp-json\/wp\/v2\/types\/post"}],"author":[{"embeddable":true,"href":"https:\/\/www.abchukuk.com\/index.php\/wp-json\/wp\/v2\/users\/1"}],"replies":[{"embeddable":true,"href":"https:\/\/www.abchukuk.com\/index.php\/wp-json\/wp\/v2\/comments?post=42450"}],"version-history":[{"count":0,"href":"https:\/\/www.abchukuk.com\/index.php\/wp-json\/wp\/v2\/posts\/42450\/revisions"}],"wp:featuredmedia":[{"embeddable":true,"href":"https:\/\/www.abchukuk.com\/index.php\/wp-json\/wp\/v2\/media\/42451"}],"wp:attachment":[{"href":"https:\/\/www.abchukuk.com\/index.php\/wp-json\/wp\/v2\/media?parent=42450"}],"wp:term":[{"taxonomy":"category","embeddable":true,"href":"https:\/\/www.abchukuk.com\/index.php\/wp-json\/wp\/v2\/categories?post=42450"},{"taxonomy":"post_tag","embeddable":true,"href":"https:\/\/www.abchukuk.com\/index.php\/wp-json\/wp\/v2\/tags?post=42450"}],"curies":[{"name":"wp","href":"https:\/\/api.w.org\/{rel}","templated":true}]}}