{"id":42449,"date":"2026-09-04T07:44:28","date_gmt":"2026-09-04T07:44:28","guid":{"rendered":"https:\/\/www.abchukuk.com\/index.php\/2026\/09\/04\/arif-ahmet-denizolgunun-olumu-doktor-adliyede-yalan-taniklik-mi-yapti\/"},"modified":"2026-09-04T07:44:28","modified_gmt":"2026-09-04T07:44:28","slug":"arif-ahmet-denizolgunun-olumu-doktor-adliyede-yalan-taniklik-mi-yapti","status":"publish","type":"post","link":"https:\/\/www.abchukuk.com\/index.php\/2026\/09\/04\/arif-ahmet-denizolgunun-olumu-doktor-adliyede-yalan-taniklik-mi-yapti\/","title":{"rendered":"Arif Ahmet Denizolgun&#8217;un \u00f6l\u00fcm\u00fc: Doktor adliyede, &#8216;yalan tan\u0131kl\u0131k&#8217; m\u0131 yapt\u0131?"},"content":{"rendered":"<p>Beykoz&#8217;da, 2016&#8217;da hayat\u0131n\u0131 kaybeden eski Ula\u015ft\u0131rma Bakan\u0131 Arif Ahmet Denizolgun&#8217;un \u00f6l\u00fcm\u00fcne ili\u015fkin soru\u015fturmada, &#8220;yalan tan\u0131kl\u0131k&#8221; iddias\u0131yla g\u00f6zalt\u0131na al\u0131nan doktoru Nurettin Demirkol adliyeye sevk edildi.Beykoz&#8217;da, 2016&#8217;da hayat\u0131n\u0131 kaybeden eski Ula\u015ft\u0131rma Bakan\u0131 Arif Ahmet Denizolgun&#8217;un \u00f6l\u00fcm\u00fcne ili\u015fkin soru\u015fturmada, &#8220;yalan tan\u0131kl\u0131k&#8221; iddias\u0131yla g\u00f6zalt\u0131na al\u0131nan doktoru Nurettin Demirkol adliyeye sevk edildi.\u00a0<a href=\"https:\/\/anlatilaninotesi.com.tr\/20260904\/arif-ahmet-denizolgunun-olumu-doktor-adliyede-yalan-taniklik-mi-yapti-1108493871.html\" target=\"_blank\" class=\"feedzy-rss-link-icon\">Read More<\/a><\/p>","protected":false},"excerpt":{"rendered":"<p>Beykoz&#8217;da, 2016&#8217;da hayat\u0131n\u0131 kaybeden eski Ula\u015ft\u0131rma Bakan\u0131 Arif Ahmet Denizolgun&#8217;un \u00f6l\u00fcm\u00fcne ili\u015fkin soru\u015fturmada, &#8220;yalan tan\u0131kl\u0131k&#8221; iddias\u0131yla g\u00f6zalt\u0131na al\u0131nan doktoru Nurettin Demirkol adliyeye sevk edildi.Beykoz&#8217;da, 2016&#8217;da hayat\u0131n\u0131 kaybeden eski Ula\u015ft\u0131rma Bakan\u0131 Arif Ahmet Denizolgun&#8217;un \u00f6l\u00fcm\u00fcne ili\u015fkin soru\u015fturmada, &#8220;yalan tan\u0131kl\u0131k&#8221; iddias\u0131yla g\u00f6zalt\u0131na al\u0131nan doktoru Nurettin Demirkol adliyeye sevk edildi.\u00a0Read More<\/p>\n","protected":false},"author":1,"featured_media":0,"comment_status":"open","ping_status":"open","sticky":false,"template":"","format":"standard","meta":{"footnotes":"","_links_to":"","_links_to_target":""},"categories":[1],"tags":[],"class_list":["post-42449","post","type-post","status-publish","format-standard","hentry","category-haberler"],"_links":{"self":[{"href":"https:\/\/www.abchukuk.com\/index.php\/wp-json\/wp\/v2\/posts\/42449","targetHints":{"allow":["GET"]}}],"collection":[{"href":"https:\/\/www.abchukuk.com\/index.php\/wp-json\/wp\/v2\/posts"}],"about":[{"href":"https:\/\/www.abchukuk.com\/index.php\/wp-json\/wp\/v2\/types\/post"}],"author":[{"embeddable":true,"href":"https:\/\/www.abchukuk.com\/index.php\/wp-json\/wp\/v2\/users\/1"}],"replies":[{"embeddable":true,"href":"https:\/\/www.abchukuk.com\/index.php\/wp-json\/wp\/v2\/comments?post=42449"}],"version-history":[{"count":0,"href":"https:\/\/www.abchukuk.com\/index.php\/wp-json\/wp\/v2\/posts\/42449\/revisions"}],"wp:attachment":[{"href":"https:\/\/www.abchukuk.com\/index.php\/wp-json\/wp\/v2\/media?parent=42449"}],"wp:term":[{"taxonomy":"category","embeddable":true,"href":"https:\/\/www.abchukuk.com\/index.php\/wp-json\/wp\/v2\/categories?post=42449"},{"taxonomy":"post_tag","embeddable":true,"href":"https:\/\/www.abchukuk.com\/index.php\/wp-json\/wp\/v2\/tags?post=42449"}],"curies":[{"name":"wp","href":"https:\/\/api.w.org\/{rel}","templated":true}]}}