{"id":42448,"date":"2026-09-04T04:43:57","date_gmt":"2026-09-04T04:43:57","guid":{"rendered":"https:\/\/www.abchukuk.com\/index.php\/2026\/09\/04\/kahramanmaras-okul-saldirisi-davasinda-ilk-durusma-bugun-baba-ve-anne-yargilanacak\/"},"modified":"2026-09-04T04:43:57","modified_gmt":"2026-09-04T04:43:57","slug":"kahramanmaras-okul-saldirisi-davasinda-ilk-durusma-bugun-baba-ve-anne-yargilanacak","status":"publish","type":"post","link":"https:\/\/www.abchukuk.com\/index.php\/2026\/09\/04\/kahramanmaras-okul-saldirisi-davasinda-ilk-durusma-bugun-baba-ve-anne-yargilanacak\/","title":{"rendered":"Kahramanmara\u015f okul sald\u0131r\u0131s\u0131 davas\u0131nda ilk duru\u015fma bug\u00fcn: Baba ve anne yarg\u0131lanacak"},"content":{"rendered":"<p>Kahramanmara\u015f&#8217;ta 11 ki\u015finin hayat\u0131n\u0131 kaybetti\u011fi Ayser \u00c7al\u0131k Ortaokulu sald\u0131r\u0131s\u0131yla ilgili tutuklu yarg\u0131lanan polis m\u00fcfetti\u015fi baba ve anne, facian\u0131n ard\u0131ndan ilk kez hakim kar\u015f\u0131s\u0131na \u00e7\u0131k\u0131yor. Mahkeme salonunda adalet aray\u0131\u015f\u0131 ba\u015flad\u0131.Kahramanmara\u015f&#8217;ta 11 ki\u015finin hayat\u0131n\u0131 kaybetti\u011fi Ayser \u00c7al\u0131k Ortaokulu sald\u0131r\u0131s\u0131yla ilgili tutuklu yarg\u0131lanan polis m\u00fcfetti\u015fi baba ve anne, facian\u0131n ard\u0131ndan ilk kez hakim kar\u015f\u0131s\u0131na \u00e7\u0131k\u0131yor. Mahkeme salonunda adalet aray\u0131\u015f\u0131 ba\u015flad\u0131.\u00a0<a href=\"https:\/\/anlatilaninotesi.com.tr\/20260904\/kahramanmaras-okul-saldirisi-davasinda-ilk-durusma-bugun-baba-ve-anne-yargilanacak-1108488943.html\" target=\"_blank\" class=\"feedzy-rss-link-icon\">Read More<\/a><\/p>","protected":false},"excerpt":{"rendered":"<p>Kahramanmara\u015f&#8217;ta 11 ki\u015finin hayat\u0131n\u0131 kaybetti\u011fi Ayser \u00c7al\u0131k Ortaokulu sald\u0131r\u0131s\u0131yla ilgili tutuklu yarg\u0131lanan polis m\u00fcfetti\u015fi baba ve anne, facian\u0131n ard\u0131ndan ilk kez hakim kar\u015f\u0131s\u0131na \u00e7\u0131k\u0131yor. Mahkeme salonunda adalet aray\u0131\u015f\u0131 ba\u015flad\u0131.Kahramanmara\u015f&#8217;ta 11 ki\u015finin hayat\u0131n\u0131 kaybetti\u011fi Ayser \u00c7al\u0131k Ortaokulu sald\u0131r\u0131s\u0131yla ilgili tutuklu yarg\u0131lanan polis m\u00fcfetti\u015fi baba ve anne, facian\u0131n ard\u0131ndan ilk kez hakim kar\u015f\u0131s\u0131na \u00e7\u0131k\u0131yor. Mahkeme salonunda adalet [&hellip;]<\/p>\n","protected":false},"author":1,"featured_media":0,"comment_status":"open","ping_status":"open","sticky":false,"template":"","format":"standard","meta":{"footnotes":"","_links_to":"","_links_to_target":""},"categories":[1],"tags":[],"class_list":["post-42448","post","type-post","status-publish","format-standard","hentry","category-haberler"],"_links":{"self":[{"href":"https:\/\/www.abchukuk.com\/index.php\/wp-json\/wp\/v2\/posts\/42448","targetHints":{"allow":["GET"]}}],"collection":[{"href":"https:\/\/www.abchukuk.com\/index.php\/wp-json\/wp\/v2\/posts"}],"about":[{"href":"https:\/\/www.abchukuk.com\/index.php\/wp-json\/wp\/v2\/types\/post"}],"author":[{"embeddable":true,"href":"https:\/\/www.abchukuk.com\/index.php\/wp-json\/wp\/v2\/users\/1"}],"replies":[{"embeddable":true,"href":"https:\/\/www.abchukuk.com\/index.php\/wp-json\/wp\/v2\/comments?post=42448"}],"version-history":[{"count":0,"href":"https:\/\/www.abchukuk.com\/index.php\/wp-json\/wp\/v2\/posts\/42448\/revisions"}],"wp:attachment":[{"href":"https:\/\/www.abchukuk.com\/index.php\/wp-json\/wp\/v2\/media?parent=42448"}],"wp:term":[{"taxonomy":"category","embeddable":true,"href":"https:\/\/www.abchukuk.com\/index.php\/wp-json\/wp\/v2\/categories?post=42448"},{"taxonomy":"post_tag","embeddable":true,"href":"https:\/\/www.abchukuk.com\/index.php\/wp-json\/wp\/v2\/tags?post=42448"}],"curies":[{"name":"wp","href":"https:\/\/api.w.org\/{rel}","templated":true}]}}