{"id":42442,"date":"2026-09-03T23:59:02","date_gmt":"2026-09-03T23:59:02","guid":{"rendered":"https:\/\/www.abchukuk.com\/index.php\/2026\/09\/03\/yargitaydan-zorunlu-arabuluculuk-icin-kritik-tarih-karari-kesin-hukum-kanun-yararina-bozuldu-2\/"},"modified":"2026-09-03T23:59:02","modified_gmt":"2026-09-03T23:59:02","slug":"yargitaydan-zorunlu-arabuluculuk-icin-kritik-tarih-karari-kesin-hukum-kanun-yararina-bozuldu-2","status":"publish","type":"post","link":"https:\/\/www.abchukuk.com\/index.php\/2026\/09\/03\/yargitaydan-zorunlu-arabuluculuk-icin-kritik-tarih-karari-kesin-hukum-kanun-yararina-bozuldu-2\/","title":{"rendered":"Yarg\u0131tay\u2019dan zorunlu arabuluculuk i\u00e7in kritik tarih karar\u0131: Kesin h\u00fck\u00fcm kanun yarar\u0131na bozuldu!"},"content":{"rendered":"<p>\u00a0<\/p>\n<p><strong>SON.TV\/ANKARA<\/strong><\/p>\n<p><strong>Yarg\u0131tay 5. Hukuk Dairesinin <a href=\"tel:2026\/11101\">2026\/11101<\/a> Esas, <a href=\"tel:2026\/10560\">2026\/10560<\/a> Karar say\u0131l\u0131 karar\u0131 4 Eyl\u00fcl 2026 tarihli Resm\u00ee Gazete\u2019de yay\u0131mland\u0131.<\/strong><\/p>\n<p>Karara konu uyu\u015fmazl\u0131k, bir apartman\u0131n ortak giderindeki t\u0131kan\u0131kl\u0131k nedeniyle meydana geldi\u011fi ileri s\u00fcr\u00fclen su hasar\u0131ndan kaynakland\u0131.<\/p>\n<p>Sigorta \u015firketinin sigortal\u0131s\u0131na \u00f6dedi\u011fi 10 bin 720 liral\u0131k tazminat\u0131 r\u00fccu amac\u0131yla ba\u015flatt\u0131\u011f\u0131 icra takibine yap\u0131lan itiraz \u00fczerine uyu\u015fmazl\u0131k yarg\u0131ya ta\u015f\u0131nd\u0131.<\/p>\n<p><strong>SU SIZINTISI DAVASI YARGITAY\u2019A TA\u015eINDI<\/strong><\/p>\n<p>Dosyaya g\u00f6re, <strong>Ankara Ke\u00e7i\u00f6ren<\/strong>\u2019de bulunan bir dairede 29 Ocak 2020 tarihinde su s\u0131z\u0131nt\u0131s\u0131 nedeniyle hasar meydana geldi.<\/p>\n<p>Davac\u0131 sigorta \u015firketi, zarar\u0131n binan\u0131n ortak giderinin t\u0131kanmas\u0131ndan kaynakland\u0131\u011f\u0131n\u0131 ileri s\u00fcrd\u00fc. Sigortal\u0131ya 10 bin 720 TL \u00f6deme yap\u0131ld\u0131ktan sonra bu tutar\u0131n r\u00fccuen tahsili amac\u0131yla Ankara Bat\u0131 \u0130cra M\u00fcd\u00fcrl\u00fc\u011f\u00fcnde takip ba\u015flat\u0131ld\u0131.<\/p>\n<p>Bor\u00e7lular\u0131n takibe itiraz etmesi \u00fczerine sigorta \u015firketi itiraz\u0131n iptali ve icra ink\u00e2r tazminat\u0131 talebiyle dava a\u00e7t\u0131.<\/p>\n<p><strong>\u0130LK DERECE MAHKEMES\u0130 DAVAYI USULDEN REDDETT\u0130<\/strong><\/p>\n<p><strong>Ankara 6. Sulh Hukuk Mahkemesi,<\/strong> uyu\u015fmazl\u0131\u011f\u0131n <strong>Kat M\u00fclkiyeti Kanunu\u2019<\/strong>ndan kaynakland\u0131\u011f\u0131n\u0131 de\u011ferlendirdi.<\/p>\n<p><strong>Mahkeme<\/strong>, dava a\u00e7\u0131lmadan \u00f6nce zorunlu arabuluculu\u011fa ba\u015fvurulmad\u0131\u011f\u0131 gerek\u00e7esiyle davan\u0131n usulden reddine karar verdi.<\/p>\n<p>Ancak dosyada kritik nokta, davan\u0131n a\u00e7\u0131l\u0131\u015f tarihi oldu.<\/p>\n<p><strong>Dava 11 A\u011fustos 2022 t<\/strong>arihinde a\u00e7\u0131lm\u0131\u015ft\u0131. <strong>Kat<\/strong> <strong>M\u00fclkiyeti Kanunu\u2019<\/strong>ndan kaynaklanan uyu\u015fmazl\u0131klar\u0131n zorunlu arabuluculuk kapsam\u0131na al\u0131nmas\u0131na ili\u015fkin d\u00fczenleme ise daha sonra getirildi.<\/p>\n<p><strong>ZORUNLU ARABULUCULUK 1 EYL\u00dcL 2023\u2019TE BA\u015eLADI<\/strong><\/p>\n<p>7445 say\u0131l\u0131 Kanun ile 6325 say\u0131l\u0131 Hukuk Uyu\u015fmazl\u0131klar\u0131nda Arabuluculuk Kanunu\u2019na eklenen 18\/B maddesiyle <strong>Kat M\u00fclkiyeti Kanunu<\/strong>\u2019ndan kaynaklanan uyu\u015fmazl\u0131klar dava \u015fart\u0131 arabuluculuk kapsam\u0131na al\u0131nd\u0131.<\/p>\n<p>D\u00fczenleme <strong>1 Eyl\u00fcl 2023<\/strong> tarihinde y\u00fcr\u00fcrl\u00fc\u011fe girdi. Ayr\u0131ca ge\u00e7i\u015f h\u00fckm\u00fcyle, d\u00fczenlemenin y\u00fcr\u00fcrl\u00fc\u011fe girdi\u011fi tarihte ilk derece mahkemeleri, b\u00f6lge adliye mahkemeleri veya <strong>Yarg\u0131tay<\/strong>\u2019da g\u00f6r\u00fclmekte olan davalara yeni dava \u015fart\u0131n\u0131n uygulanmayaca\u011f\u0131 h\u00fck\u00fcm alt\u0131na al\u0131nd\u0131.<span class=\"Apple-converted-space\">\u00a0<\/span><\/p>\n<p><strong>ADALET BAKANLI\u011eI KANUN YARARINA TEMY\u0130ZE G\u0130TT\u0130<\/strong><\/p>\n<p>\u0130lk derece mahkemesinin kesin olarak verdi\u011fi karar\u0131n ard\u0131ndan devreye <strong>Adalet Bakanl\u0131\u011f\u0131<\/strong> girdi.<\/p>\n<p><strong>Bakanl\u0131k<\/strong>, karar\u0131n kanun yarar\u0131na temyizen incelenmesini istedi.<\/p>\n<p>Ba\u015fvuruda, davan\u0131n <strong>11 A\u011fustos 2022<\/strong> tarihinde a\u00e7\u0131ld\u0131\u011f\u0131na dikkat \u00e7ekilerek, zorunlu arabuluculu\u011fa ili\u015fkin d\u00fczenlemenin <strong>1 Eyl\u00fcl 2023<\/strong>\u2019te y\u00fcr\u00fcrl\u00fc\u011fe girmesi nedeniyle somut uyu\u015fmazl\u0131kta dava \u015fart\u0131 olarak uygulanamayaca\u011f\u0131 belirtildi.<\/p>\n<p>Dosya bunun \u00fczerine <strong>Yarg\u0131tay 5. Hukuk Dairesi<\/strong>nin \u00f6n\u00fcne geldi.<\/p>\n<p><strong>YARGITAY TAR\u0130HE D\u0130KKAT \u00c7EKT\u0130<\/strong><\/p>\n<p>Yarg\u0131tay yapt\u0131\u011f\u0131 incelemede uyu\u015fmazl\u0131\u011f\u0131n <strong>Kat M\u00fclkiyeti<\/strong> Kanunu h\u00fck\u00fcmlerine tabi oldu\u011funu belirledi.<\/p>\n<p>Ancak <strong>Y\u00fcksek Mahkeme,<\/strong> davan\u0131n a\u00e7\u0131ld\u0131\u011f\u0131 tarihte Kat <strong>M\u00fclkiyeti Kanunu\u2019<\/strong>ndan kaynaklanan uyu\u015fmazl\u0131klar bak\u0131m\u0131ndan zorunlu arabuluculuk dava \u015fart\u0131n\u0131n bulunmad\u0131\u011f\u0131na dikkat \u00e7ekti.<\/p>\n<p>Dava <strong>11 A\u011fustos 2022\u2019<\/strong>de a\u00e7\u0131l\u0131rken, s\u00f6z konusu zorunluluk <strong>1 Eyl\u00fcl 2023<\/strong> tarihinde y\u00fcr\u00fcrl\u00fc\u011fe girmi\u015fti.<\/p>\n<p><strong>Yarg\u0131tay<\/strong> bu nedenle, ilk derece mahkemesinin sonradan y\u00fcr\u00fcrl\u00fc\u011fe giren d\u00fczenlemeyi daha \u00f6nce a\u00e7\u0131lm\u0131\u015f davaya uygulamas\u0131n\u0131n hatal\u0131 oldu\u011funa h\u00fckmetti.<\/p>\n<p><strong>KES\u0130N KARAR KANUN YARARINA BOZULDU<\/strong><\/p>\n<p><strong>Yarg\u0131tay 5. Hukuk Dairesi, Adalet Bakanl\u0131\u011f\u0131n\u0131n kanun yarar\u0131na temyiz istemini kabul etti.<\/strong><\/p>\n<p>Daire, <strong>Ankara 6. Sulh Hukuk Mahkemesi<\/strong>nin davay\u0131 zorunlu arabuluculu\u011fa ba\u015fvurulmad\u0131\u011f\u0131 gerek\u00e7esiyle usulden reddeden karar\u0131n\u0131 sonuca etkili olmamak \u00fczere kanun yarar\u0131na bozdu.<\/p>\n<p><strong>Karar 8 Haziran 2026 tarihinde oy birli\u011fiyle verildi ve 4 Eyl\u00fcl 2026 tarihli Resm\u00ee Gazete\u2019de yay\u0131mland\u0131.<\/strong><\/p>\n<p><strong>KANUN YARARINA BOZMA DAVANIN SONUCUNU DE\u011e\u0130\u015eT\u0130RM\u0130YOR<\/strong><\/p>\n<p>Karar\u0131n \u00f6nemli ayr\u0131nt\u0131lar\u0131ndan biri de kanun yarar\u0131na temyizin hukuki niteli\u011fi oldu.<\/p>\n<p><strong>Yarg\u0131tay karar\u0131nda<\/strong>, kanun yarar\u0131na temyizin ola\u011fan temyizden farkl\u0131 oldu\u011funa dikkat \u00e7ekti. Bu yol, istinaf incelemesinden ge\u00e7meden kesinle\u015fen ancak y\u00fcr\u00fcrl\u00fckteki hukukun yanl\u0131\u015f uygulanmas\u0131 nedeniyle hukuka ayk\u0131r\u0131l\u0131k ta\u015f\u0131yan kararlar\u0131n denetlenmesine imkan veriyor.<\/p>\n<p>Bu nedenle verilen kanun yarar\u0131na bozma karar\u0131 taraflar bak\u0131m\u0131ndan kesinle\u015fmi\u015f uyu\u015fmazl\u0131\u011f\u0131n sonucunu de\u011fi\u015ftirmiyor; hukukun benzer uyu\u015fmazl\u0131klarda do\u011fru uygulanmas\u0131na y\u00f6nelik hukuki denetim niteli\u011fi ta\u015f\u0131yor.<\/p>\n<p><strong>YARGITAY\u2019DAN ZORUNLU ARABULUCULUKTA NET TAR\u0130H AYRIMI<\/strong><\/p>\n<p>Kararla birlikte \u00f6zellikle <strong>Kat M\u00fclkiyeti Kanunu<\/strong> kapsam\u0131ndaki uyu\u015fmazl\u0131klar a\u00e7\u0131s\u0131ndan dava tarihinin \u00f6nemi ortaya konuldu.<\/p>\n<p>Kat m\u00fclkiyetinden kaynaklanan uyu\u015fmazl\u0131klarda zorunlu arabuluculuk 1 Eyl\u00fcl 2023\u2019ten itibaren uygulan\u0131yor. D\u00fczenleme y\u00fcr\u00fcrl\u00fc\u011fe girdi\u011fi s\u0131rada g\u00f6r\u00fclmekte olan daha \u00f6nce a\u00e7\u0131lm\u0131\u015f davalar ise ge\u00e7i\u015f h\u00fckm\u00fc gere\u011fince bu zorunlulu\u011fun d\u0131\u015f\u0131nda bulunuyor.<span class=\"Apple-converted-space\">\u00a0<\/span><\/p>\n<p><strong>Yarg\u0131tay 5. Hukuk Dairesinin Resm\u00ee Gazete<\/strong>\u2019de yay\u0131mlanan karar\u0131 da, daha sonra y\u00fcr\u00fcrl\u00fc\u011fe giren dava \u015fart\u0131n\u0131n 2022 y\u0131l\u0131nda a\u00e7\u0131lm\u0131\u015f somut davaya uygulanamayaca\u011f\u0131n\u0131 ortaya koydu.<\/p>\n<p><strong>ET\u0130KETLER: #Yarg\u0131tay #Yarg\u0131tay5HukukDairesi #AdaletBakanl\u0131\u011f\u0131 #ZorunluArabuluculuk #Arabuluculuk #KatM\u00fclkiyeti #SulhHukukMahkemesi #KanunYarar\u0131naTemyiz #ResmiGazete #SonTV<\/strong><\/p>\n<p>Yarg\u0131tay 5. Hukuk Dairesi, Kat M\u00fclkiyeti Kanunu\u2019ndan kaynaklanan uyu\u015fmazl\u0131klarda zorunlu arabuluculu\u011fun hangi tarihten itibaren uygulanaca\u011f\u0131na ili\u015fkin dikkat \u00e7eken bir karara imza att\u0131. Y\u00fcksek Mahkeme, 1 Eyl\u00fcl 2023\u2019te y\u00fcr\u00fcrl\u00fc\u011fe giren dava \u015fart\u0131 arabuluculuk d\u00fczenlemesinin bu tarihten \u00f6nce a\u00e7\u0131lm\u0131\u015f bir davaya uygulanamayaca\u011f\u0131n\u0131 belirterek, davay\u0131 usulden reddeden mahkeme karar\u0131n\u0131 Adalet Bakanl\u0131\u011f\u0131n\u0131n ba\u015fvurusu \u00fczerine kanun yarar\u0131na bozdu.\u00a0<a href=\"https:\/\/www.son.tv\/yargitaydan-zorunlu-arabuluculuk-icin-kritik-tarih-karari-kesin-hukum-kanun-yararina-bozuldu\/\" target=\"_blank\" class=\"feedzy-rss-link-icon\">Read More<\/a><\/p>","protected":false},"excerpt":{"rendered":"<p>\u00a0 SON.TV\/ANKARA Yarg\u0131tay 5. Hukuk Dairesinin 2026\/11101 Esas, 2026\/10560 Karar say\u0131l\u0131 karar\u0131 4 Eyl\u00fcl 2026 tarihli Resm\u00ee Gazete\u2019de yay\u0131mland\u0131. Karara konu uyu\u015fmazl\u0131k, bir apartman\u0131n ortak giderindeki t\u0131kan\u0131kl\u0131k nedeniyle meydana geldi\u011fi ileri s\u00fcr\u00fclen su hasar\u0131ndan kaynakland\u0131. Sigorta \u015firketinin sigortal\u0131s\u0131na \u00f6dedi\u011fi 10 bin 720 liral\u0131k tazminat\u0131 r\u00fccu amac\u0131yla ba\u015flatt\u0131\u011f\u0131 icra takibine yap\u0131lan itiraz \u00fczerine uyu\u015fmazl\u0131k yarg\u0131ya ta\u015f\u0131nd\u0131. [&hellip;]<\/p>\n","protected":false},"author":1,"featured_media":0,"comment_status":"open","ping_status":"open","sticky":false,"template":"","format":"standard","meta":{"footnotes":"","_links_to":"","_links_to_target":""},"categories":[1],"tags":[],"class_list":["post-42442","post","type-post","status-publish","format-standard","hentry","category-haberler"],"_links":{"self":[{"href":"https:\/\/www.abchukuk.com\/index.php\/wp-json\/wp\/v2\/posts\/42442","targetHints":{"allow":["GET"]}}],"collection":[{"href":"https:\/\/www.abchukuk.com\/index.php\/wp-json\/wp\/v2\/posts"}],"about":[{"href":"https:\/\/www.abchukuk.com\/index.php\/wp-json\/wp\/v2\/types\/post"}],"author":[{"embeddable":true,"href":"https:\/\/www.abchukuk.com\/index.php\/wp-json\/wp\/v2\/users\/1"}],"replies":[{"embeddable":true,"href":"https:\/\/www.abchukuk.com\/index.php\/wp-json\/wp\/v2\/comments?post=42442"}],"version-history":[{"count":0,"href":"https:\/\/www.abchukuk.com\/index.php\/wp-json\/wp\/v2\/posts\/42442\/revisions"}],"wp:attachment":[{"href":"https:\/\/www.abchukuk.com\/index.php\/wp-json\/wp\/v2\/media?parent=42442"}],"wp:term":[{"taxonomy":"category","embeddable":true,"href":"https:\/\/www.abchukuk.com\/index.php\/wp-json\/wp\/v2\/categories?post=42442"},{"taxonomy":"post_tag","embeddable":true,"href":"https:\/\/www.abchukuk.com\/index.php\/wp-json\/wp\/v2\/tags?post=42442"}],"curies":[{"name":"wp","href":"https:\/\/api.w.org\/{rel}","templated":true}]}}