{"id":42439,"date":"2026-09-03T20:10:24","date_gmt":"2026-09-03T20:10:24","guid":{"rendered":"https:\/\/www.abchukuk.com\/index.php\/2026\/09\/03\/ibb-davasinda-tutuklu-sayisi-51e-indi-imamoglu-adil-yargilanma-vurgusu-yapti\/"},"modified":"2026-09-03T20:10:24","modified_gmt":"2026-09-03T20:10:24","slug":"ibb-davasinda-tutuklu-sayisi-51e-indi-imamoglu-adil-yargilanma-vurgusu-yapti","status":"publish","type":"post","link":"https:\/\/www.abchukuk.com\/index.php\/2026\/09\/03\/ibb-davasinda-tutuklu-sayisi-51e-indi-imamoglu-adil-yargilanma-vurgusu-yapti\/","title":{"rendered":"\u0130BB davas\u0131nda tutuklu say\u0131s\u0131 51&#8217;e indi: \u0130mamo\u011flu adil yarg\u0131lanma vurgusu yapt\u0131"},"content":{"rendered":"<p>\u0130BB davas\u0131n\u0131n 17 A\u011fustos&#8217;ta ba\u015flayan ikinci celsesi devam ediyor. Per\u015fembe g\u00fcnk\u00fc ayl\u0131k tutukluluk de\u011ferlendirmesinde, Bak\u0131rk\u00f6y Belediye Ba\u015fkan Yard\u0131mc\u0131s\u0131 Ali R\u0131za Aky\u00fcz ve i\u015f insan\u0131 Serkan \u00d6zt\u00fcrk hakk\u0131nda tahliye karar\u0131 verildi.\u0130BB davas\u0131n\u0131n 17 A\u011fustos&#8217;ta ba\u015flayan ikinci celsesi devam ediyor. Per\u015fembe g\u00fcnk\u00fc ayl\u0131k tutukluluk de\u011ferlendirmesinde, Bak\u0131rk\u00f6y Belediye Ba\u015fkan Yard\u0131mc\u0131s\u0131 Ali R\u0131za Aky\u00fcz ve i\u015f insan\u0131 Serkan \u00d6zt\u00fcrk hakk\u0131nda tahliye karar\u0131 verildi.\u00a0<a href=\"http:\/\/tr.euronews.com\/2026\/09\/03\/ibb-davasinda-tutuklu-sayisi-51e-indi-imamoglu-adil-yargilanma-vurgusu-yapti\" target=\"_blank\" class=\"feedzy-rss-link-icon\">Read More<\/a><\/p>","protected":false},"excerpt":{"rendered":"<p>\u0130BB davas\u0131n\u0131n 17 A\u011fustos&#8217;ta ba\u015flayan ikinci celsesi devam ediyor. Per\u015fembe g\u00fcnk\u00fc ayl\u0131k tutukluluk de\u011ferlendirmesinde, Bak\u0131rk\u00f6y Belediye Ba\u015fkan Yard\u0131mc\u0131s\u0131 Ali R\u0131za Aky\u00fcz ve i\u015f insan\u0131 Serkan \u00d6zt\u00fcrk hakk\u0131nda tahliye karar\u0131 verildi.\u0130BB davas\u0131n\u0131n 17 A\u011fustos&#8217;ta ba\u015flayan ikinci celsesi devam ediyor. Per\u015fembe g\u00fcnk\u00fc ayl\u0131k tutukluluk de\u011ferlendirmesinde, Bak\u0131rk\u00f6y Belediye Ba\u015fkan Yard\u0131mc\u0131s\u0131 Ali R\u0131za Aky\u00fcz ve i\u015f insan\u0131 Serkan \u00d6zt\u00fcrk [&hellip;]<\/p>\n","protected":false},"author":1,"featured_media":0,"comment_status":"open","ping_status":"open","sticky":false,"template":"","format":"standard","meta":{"footnotes":"","_links_to":"","_links_to_target":""},"categories":[1],"tags":[],"class_list":["post-42439","post","type-post","status-publish","format-standard","hentry","category-haberler"],"_links":{"self":[{"href":"https:\/\/www.abchukuk.com\/index.php\/wp-json\/wp\/v2\/posts\/42439","targetHints":{"allow":["GET"]}}],"collection":[{"href":"https:\/\/www.abchukuk.com\/index.php\/wp-json\/wp\/v2\/posts"}],"about":[{"href":"https:\/\/www.abchukuk.com\/index.php\/wp-json\/wp\/v2\/types\/post"}],"author":[{"embeddable":true,"href":"https:\/\/www.abchukuk.com\/index.php\/wp-json\/wp\/v2\/users\/1"}],"replies":[{"embeddable":true,"href":"https:\/\/www.abchukuk.com\/index.php\/wp-json\/wp\/v2\/comments?post=42439"}],"version-history":[{"count":0,"href":"https:\/\/www.abchukuk.com\/index.php\/wp-json\/wp\/v2\/posts\/42439\/revisions"}],"wp:attachment":[{"href":"https:\/\/www.abchukuk.com\/index.php\/wp-json\/wp\/v2\/media?parent=42439"}],"wp:term":[{"taxonomy":"category","embeddable":true,"href":"https:\/\/www.abchukuk.com\/index.php\/wp-json\/wp\/v2\/categories?post=42439"},{"taxonomy":"post_tag","embeddable":true,"href":"https:\/\/www.abchukuk.com\/index.php\/wp-json\/wp\/v2\/tags?post=42439"}],"curies":[{"name":"wp","href":"https:\/\/api.w.org\/{rel}","templated":true}]}}