{"id":42436,"date":"2026-09-03T20:43:00","date_gmt":"2026-09-03T20:43:00","guid":{"rendered":"https:\/\/www.abchukuk.com\/index.php\/2026\/09\/03\/adalarda-ali-ercan-akpolat-ve-arkadaslari-icin-8-haftada-adalet-nobeti\/"},"modified":"2026-09-03T20:43:00","modified_gmt":"2026-09-03T20:43:00","slug":"adalarda-ali-ercan-akpolat-ve-arkadaslari-icin-8-haftada-adalet-nobeti","status":"publish","type":"post","link":"https:\/\/www.abchukuk.com\/index.php\/2026\/09\/03\/adalarda-ali-ercan-akpolat-ve-arkadaslari-icin-8-haftada-adalet-nobeti\/","title":{"rendered":"Adalar&#8217;da Ali Ercan Akpolat ve arkada\u015flar\u0131 i\u00e7in 8. haftada &#8216;Adalet N\u00f6beti&#8217;"},"content":{"rendered":"<p>Adalar Belediye Ba\u015fkan\u0131 Ali Ercan Akpolat, Belediye Ba\u015fkan Yard\u0131mc\u0131s\u0131 F\u0131rat Durak, Belediye Meclis \u00dcyesi Mehmet Nuri Kaya ve tutuklu belediye personelinin serbest b\u0131rak\u0131lmas\u0131 talebiyle ba\u015flat\u0131lan \u201cAdalet N\u00f6beti\u201d, 8. haftas\u0131nda da s\u00fcrd\u00fc.Adalar Belediye Ba\u015fkan\u0131 Ali Ercan Akpolat, Belediye Ba\u015fkan Yard\u0131mc\u0131s\u0131 F\u0131rat Durak, Belediye Meclis \u00dcyesi Mehmet Nuri Kaya ve tutuklu belediye personelinin serbest b\u0131rak\u0131lmas\u0131 talebiyle ba\u015flat\u0131lan \u201cAdalet N\u00f6beti\u201d, 8. haftas\u0131nda da s\u00fcrd\u00fc.\u00a0<a href=\"https:\/\/www.cumhuriyet.com.tr\/turkiye\/adalar-da-ali-ercan-akpolat-ve-arkadaslari-icin-8-haftada-adalet-nobeti-2534774\" target=\"_blank\" class=\"feedzy-rss-link-icon\">Read More<\/a><\/p>","protected":false},"excerpt":{"rendered":"<p>Adalar Belediye Ba\u015fkan\u0131 Ali Ercan Akpolat, Belediye Ba\u015fkan Yard\u0131mc\u0131s\u0131 F\u0131rat Durak, Belediye Meclis \u00dcyesi Mehmet Nuri Kaya ve tutuklu belediye personelinin serbest b\u0131rak\u0131lmas\u0131 talebiyle ba\u015flat\u0131lan \u201cAdalet N\u00f6beti\u201d, 8. haftas\u0131nda da s\u00fcrd\u00fc.Adalar Belediye Ba\u015fkan\u0131 Ali Ercan Akpolat, Belediye Ba\u015fkan Yard\u0131mc\u0131s\u0131 F\u0131rat Durak, Belediye Meclis \u00dcyesi Mehmet Nuri Kaya ve tutuklu belediye personelinin serbest b\u0131rak\u0131lmas\u0131 talebiyle ba\u015flat\u0131lan [&hellip;]<\/p>\n","protected":false},"author":1,"featured_media":42437,"comment_status":"open","ping_status":"open","sticky":false,"template":"","format":"standard","meta":{"footnotes":"","_links_to":"","_links_to_target":""},"categories":[1],"tags":[],"class_list":["post-42436","post","type-post","status-publish","format-standard","has-post-thumbnail","hentry","category-haberler"],"_links":{"self":[{"href":"https:\/\/www.abchukuk.com\/index.php\/wp-json\/wp\/v2\/posts\/42436","targetHints":{"allow":["GET"]}}],"collection":[{"href":"https:\/\/www.abchukuk.com\/index.php\/wp-json\/wp\/v2\/posts"}],"about":[{"href":"https:\/\/www.abchukuk.com\/index.php\/wp-json\/wp\/v2\/types\/post"}],"author":[{"embeddable":true,"href":"https:\/\/www.abchukuk.com\/index.php\/wp-json\/wp\/v2\/users\/1"}],"replies":[{"embeddable":true,"href":"https:\/\/www.abchukuk.com\/index.php\/wp-json\/wp\/v2\/comments?post=42436"}],"version-history":[{"count":0,"href":"https:\/\/www.abchukuk.com\/index.php\/wp-json\/wp\/v2\/posts\/42436\/revisions"}],"wp:featuredmedia":[{"embeddable":true,"href":"https:\/\/www.abchukuk.com\/index.php\/wp-json\/wp\/v2\/media\/42437"}],"wp:attachment":[{"href":"https:\/\/www.abchukuk.com\/index.php\/wp-json\/wp\/v2\/media?parent=42436"}],"wp:term":[{"taxonomy":"category","embeddable":true,"href":"https:\/\/www.abchukuk.com\/index.php\/wp-json\/wp\/v2\/categories?post=42436"},{"taxonomy":"post_tag","embeddable":true,"href":"https:\/\/www.abchukuk.com\/index.php\/wp-json\/wp\/v2\/tags?post=42436"}],"curies":[{"name":"wp","href":"https:\/\/api.w.org\/{rel}","templated":true}]}}