{"id":42435,"date":"2026-09-03T20:59:57","date_gmt":"2026-09-03T20:59:57","guid":{"rendered":"https:\/\/www.abchukuk.com\/index.php\/2026\/09\/03\/imamoglu-davasinin-durusmasinda-goruntu-kaydi-alinmasiyla-ilgili-sorusturma-baslatildi\/"},"modified":"2026-09-03T20:59:57","modified_gmt":"2026-09-03T20:59:57","slug":"imamoglu-davasinin-durusmasinda-goruntu-kaydi-alinmasiyla-ilgili-sorusturma-baslatildi","status":"publish","type":"post","link":"https:\/\/www.abchukuk.com\/index.php\/2026\/09\/03\/imamoglu-davasinin-durusmasinda-goruntu-kaydi-alinmasiyla-ilgili-sorusturma-baslatildi\/","title":{"rendered":"\u0130mamo\u011flu davas\u0131n\u0131n duru\u015fmas\u0131nda g\u00f6r\u00fcnt\u00fc kayd\u0131 al\u0131nmas\u0131yla ilgili soru\u015fturma ba\u015flat\u0131ld\u0131"},"content":{"rendered":"<p>Bak\u0131rk\u00f6y Cumhuriyet Ba\u015fsavc\u0131l\u0131\u011f\u0131 taraf\u0131ndan, \u0130mamo\u011flu davas\u0131n\u0131n duru\u015fmas\u0131nda g\u00f6r\u00fcnt\u00fc kayd\u0131 alarak sosyal medya hesaplar\u0131nda payla\u015fan ki\u015filer hakk\u0131nda soru\u015fturma ba\u015flat\u0131ld\u0131.Bak\u0131rk\u00f6y Cumhuriyet Ba\u015fsavc\u0131l\u0131\u011f\u0131 taraf\u0131ndan, \u0130mamo\u011flu davas\u0131n\u0131n duru\u015fmas\u0131nda g\u00f6r\u00fcnt\u00fc kayd\u0131 alarak sosyal medya hesaplar\u0131nda payla\u015fan ki\u015filer hakk\u0131nda soru\u015fturma ba\u015flat\u0131ld\u0131.\u00a0<a href=\"https:\/\/anlatilaninotesi.com.tr\/20260903\/imamoglu-davasinin-durusmasinda-goruntu-kaydi-alinmasiyla-ilgili-sorusturma-baslatildi-1108485585.html\" target=\"_blank\" class=\"feedzy-rss-link-icon\">Read More<\/a><\/p>","protected":false},"excerpt":{"rendered":"<p>Bak\u0131rk\u00f6y Cumhuriyet Ba\u015fsavc\u0131l\u0131\u011f\u0131 taraf\u0131ndan, \u0130mamo\u011flu davas\u0131n\u0131n duru\u015fmas\u0131nda g\u00f6r\u00fcnt\u00fc kayd\u0131 alarak sosyal medya hesaplar\u0131nda payla\u015fan ki\u015filer hakk\u0131nda soru\u015fturma ba\u015flat\u0131ld\u0131.Bak\u0131rk\u00f6y Cumhuriyet Ba\u015fsavc\u0131l\u0131\u011f\u0131 taraf\u0131ndan, \u0130mamo\u011flu davas\u0131n\u0131n duru\u015fmas\u0131nda g\u00f6r\u00fcnt\u00fc kayd\u0131 alarak sosyal medya hesaplar\u0131nda payla\u015fan ki\u015filer hakk\u0131nda soru\u015fturma ba\u015flat\u0131ld\u0131.\u00a0Read More<\/p>\n","protected":false},"author":1,"featured_media":0,"comment_status":"open","ping_status":"open","sticky":false,"template":"","format":"standard","meta":{"footnotes":"","_links_to":"","_links_to_target":""},"categories":[1],"tags":[],"class_list":["post-42435","post","type-post","status-publish","format-standard","hentry","category-haberler"],"_links":{"self":[{"href":"https:\/\/www.abchukuk.com\/index.php\/wp-json\/wp\/v2\/posts\/42435","targetHints":{"allow":["GET"]}}],"collection":[{"href":"https:\/\/www.abchukuk.com\/index.php\/wp-json\/wp\/v2\/posts"}],"about":[{"href":"https:\/\/www.abchukuk.com\/index.php\/wp-json\/wp\/v2\/types\/post"}],"author":[{"embeddable":true,"href":"https:\/\/www.abchukuk.com\/index.php\/wp-json\/wp\/v2\/users\/1"}],"replies":[{"embeddable":true,"href":"https:\/\/www.abchukuk.com\/index.php\/wp-json\/wp\/v2\/comments?post=42435"}],"version-history":[{"count":0,"href":"https:\/\/www.abchukuk.com\/index.php\/wp-json\/wp\/v2\/posts\/42435\/revisions"}],"wp:attachment":[{"href":"https:\/\/www.abchukuk.com\/index.php\/wp-json\/wp\/v2\/media?parent=42435"}],"wp:term":[{"taxonomy":"category","embeddable":true,"href":"https:\/\/www.abchukuk.com\/index.php\/wp-json\/wp\/v2\/categories?post=42435"},{"taxonomy":"post_tag","embeddable":true,"href":"https:\/\/www.abchukuk.com\/index.php\/wp-json\/wp\/v2\/tags?post=42435"}],"curies":[{"name":"wp","href":"https:\/\/api.w.org\/{rel}","templated":true}]}}