{"id":42418,"date":"2026-09-03T21:16:00","date_gmt":"2026-09-03T21:16:00","guid":{"rendered":"https:\/\/www.abchukuk.com\/index.php\/2026\/09\/03\/gazeteci-hakan-tosun-anmasinda-22-eylul-durusmasina-cagri\/"},"modified":"2026-09-03T21:16:00","modified_gmt":"2026-09-03T21:16:00","slug":"gazeteci-hakan-tosun-anmasinda-22-eylul-durusmasina-cagri","status":"publish","type":"post","link":"https:\/\/www.abchukuk.com\/index.php\/2026\/09\/03\/gazeteci-hakan-tosun-anmasinda-22-eylul-durusmasina-cagri\/","title":{"rendered":"Gazeteci Hakan Tosun anmas\u0131nda 22 Eyl\u00fcl duru\u015fmas\u0131na \u00e7a\u011fr\u0131"},"content":{"rendered":"<p>Gazeteci ve aktivist Hakan Tosun, \u00f6l\u00fcm\u00fcn\u00fcn 11&#8217;inci ay\u0131nda ailesi ve arkada\u015flar\u0131n\u0131n d\u00fczenledi\u011fi anmayla hat\u0131rland\u0131. Anmada, Tosun&#8217;un \u00f6l\u00fcm\u00fcyle ilgili 22 Eyl\u00fcl&#8217;de g\u00f6r\u00fclecek duru\u015fmaya kat\u0131l\u0131m ve adalet \u00e7a\u011fr\u0131s\u0131 yap\u0131ld\u0131.Gazeteci ve aktivist Hakan Tosun, \u00f6l\u00fcm\u00fcn\u00fcn 11&#8217;inci ay\u0131nda ailesi ve arkada\u015flar\u0131n\u0131n d\u00fczenledi\u011fi anmayla hat\u0131rland\u0131. Anmada, Tosun&#8217;un \u00f6l\u00fcm\u00fcyle ilgili 22 Eyl\u00fcl&#8217;de g\u00f6r\u00fclecek duru\u015fmaya kat\u0131l\u0131m ve adalet \u00e7a\u011fr\u0131s\u0131 yap\u0131ld\u0131.\u00a0<a href=\"https:\/\/www.cumhuriyet.com.tr\/turkiye\/gazeteci-hakan-tosun-anmasinda-22-eylul-durusmasina-cagri-2534782\" target=\"_blank\" class=\"feedzy-rss-link-icon\">Read More<\/a><\/p>","protected":false},"excerpt":{"rendered":"<p>Gazeteci ve aktivist Hakan Tosun, \u00f6l\u00fcm\u00fcn\u00fcn 11&#8217;inci ay\u0131nda ailesi ve arkada\u015flar\u0131n\u0131n d\u00fczenledi\u011fi anmayla hat\u0131rland\u0131. Anmada, Tosun&#8217;un \u00f6l\u00fcm\u00fcyle ilgili 22 Eyl\u00fcl&#8217;de g\u00f6r\u00fclecek duru\u015fmaya kat\u0131l\u0131m ve adalet \u00e7a\u011fr\u0131s\u0131 yap\u0131ld\u0131.Gazeteci ve aktivist Hakan Tosun, \u00f6l\u00fcm\u00fcn\u00fcn 11&#8217;inci ay\u0131nda ailesi ve arkada\u015flar\u0131n\u0131n d\u00fczenledi\u011fi anmayla hat\u0131rland\u0131. Anmada, Tosun&#8217;un \u00f6l\u00fcm\u00fcyle ilgili 22 Eyl\u00fcl&#8217;de g\u00f6r\u00fclecek duru\u015fmaya kat\u0131l\u0131m ve adalet \u00e7a\u011fr\u0131s\u0131 yap\u0131ld\u0131.\u00a0Read More<\/p>\n","protected":false},"author":1,"featured_media":42419,"comment_status":"open","ping_status":"open","sticky":false,"template":"","format":"standard","meta":{"footnotes":"","_links_to":"","_links_to_target":""},"categories":[1],"tags":[],"class_list":["post-42418","post","type-post","status-publish","format-standard","has-post-thumbnail","hentry","category-haberler"],"_links":{"self":[{"href":"https:\/\/www.abchukuk.com\/index.php\/wp-json\/wp\/v2\/posts\/42418","targetHints":{"allow":["GET"]}}],"collection":[{"href":"https:\/\/www.abchukuk.com\/index.php\/wp-json\/wp\/v2\/posts"}],"about":[{"href":"https:\/\/www.abchukuk.com\/index.php\/wp-json\/wp\/v2\/types\/post"}],"author":[{"embeddable":true,"href":"https:\/\/www.abchukuk.com\/index.php\/wp-json\/wp\/v2\/users\/1"}],"replies":[{"embeddable":true,"href":"https:\/\/www.abchukuk.com\/index.php\/wp-json\/wp\/v2\/comments?post=42418"}],"version-history":[{"count":0,"href":"https:\/\/www.abchukuk.com\/index.php\/wp-json\/wp\/v2\/posts\/42418\/revisions"}],"wp:featuredmedia":[{"embeddable":true,"href":"https:\/\/www.abchukuk.com\/index.php\/wp-json\/wp\/v2\/media\/42419"}],"wp:attachment":[{"href":"https:\/\/www.abchukuk.com\/index.php\/wp-json\/wp\/v2\/media?parent=42418"}],"wp:term":[{"taxonomy":"category","embeddable":true,"href":"https:\/\/www.abchukuk.com\/index.php\/wp-json\/wp\/v2\/categories?post=42418"},{"taxonomy":"post_tag","embeddable":true,"href":"https:\/\/www.abchukuk.com\/index.php\/wp-json\/wp\/v2\/tags?post=42418"}],"curies":[{"name":"wp","href":"https:\/\/api.w.org\/{rel}","templated":true}]}}