{"id":42416,"date":"2026-09-03T21:55:00","date_gmt":"2026-09-03T21:55:00","guid":{"rendered":"https:\/\/www.abchukuk.com\/index.php\/2026\/09\/03\/6-yil-hapis-cezasi-bulunan-feto-hukumlusu-yakalandi\/"},"modified":"2026-09-03T21:55:00","modified_gmt":"2026-09-03T21:55:00","slug":"6-yil-hapis-cezasi-bulunan-feto-hukumlusu-yakalandi","status":"publish","type":"post","link":"https:\/\/www.abchukuk.com\/index.php\/2026\/09\/03\/6-yil-hapis-cezasi-bulunan-feto-hukumlusu-yakalandi\/","title":{"rendered":"6 y\u0131l hapis cezas\u0131 bulunan FET\u00d6 h\u00fck\u00fcml\u00fcs\u00fc yakaland\u0131"},"content":{"rendered":"<p>Bursa\u2019n\u0131n Orhangazi il\u00e7esinde, \u2018Silahl\u0131 Ter\u00f6r \u00d6rg\u00fct\u00fcne \u00dcye Olma\u2019 su\u00e7undan hakk\u0131nda 6 y\u0131l 3 ay kesinle\u015fmi\u015f hapis cezas\u0131 bulunan FET\u00d6\/PDY \u00fcyesi D.\u00d6. isimli kad\u0131n yakaland\u0131. Adli i\u015flemleri tamamlanan firari h\u00fck\u00fcml\u00fc cezaevine g\u00f6nderildi.Bursa\u2019n\u0131n Orhangazi il\u00e7esinde, \u2018Silahl\u0131 Ter\u00f6r \u00d6rg\u00fct\u00fcne \u00dcye Olma\u2019 su\u00e7undan hakk\u0131nda 6 y\u0131l 3 ay kesinle\u015fmi\u015f hapis cezas\u0131 bulunan FET\u00d6\/PDY \u00fcyesi D.\u00d6. isimli kad\u0131n yakaland\u0131. Adli i\u015flemleri tamamlanan firari h\u00fck\u00fcml\u00fc cezaevine g\u00f6nderildi.\u00a0<a href=\"https:\/\/www.cumhuriyet.com.tr\/turkiye\/6-yil-hapis-cezasi-bulunan-feto-hukumlusu-yakalandi-2534787\" target=\"_blank\" class=\"feedzy-rss-link-icon\">Read More<\/a><\/p>","protected":false},"excerpt":{"rendered":"<p>Bursa\u2019n\u0131n Orhangazi il\u00e7esinde, \u2018Silahl\u0131 Ter\u00f6r \u00d6rg\u00fct\u00fcne \u00dcye Olma\u2019 su\u00e7undan hakk\u0131nda 6 y\u0131l 3 ay kesinle\u015fmi\u015f hapis cezas\u0131 bulunan FET\u00d6\/PDY \u00fcyesi D.\u00d6. isimli kad\u0131n yakaland\u0131. Adli i\u015flemleri tamamlanan firari h\u00fck\u00fcml\u00fc cezaevine g\u00f6nderildi.Bursa\u2019n\u0131n Orhangazi il\u00e7esinde, \u2018Silahl\u0131 Ter\u00f6r \u00d6rg\u00fct\u00fcne \u00dcye Olma\u2019 su\u00e7undan hakk\u0131nda 6 y\u0131l 3 ay kesinle\u015fmi\u015f hapis cezas\u0131 bulunan FET\u00d6\/PDY \u00fcyesi D.\u00d6. isimli kad\u0131n yakaland\u0131. Adli [&hellip;]<\/p>\n","protected":false},"author":1,"featured_media":42417,"comment_status":"open","ping_status":"open","sticky":false,"template":"","format":"standard","meta":{"footnotes":"","_links_to":"","_links_to_target":""},"categories":[1],"tags":[],"class_list":["post-42416","post","type-post","status-publish","format-standard","has-post-thumbnail","hentry","category-haberler"],"_links":{"self":[{"href":"https:\/\/www.abchukuk.com\/index.php\/wp-json\/wp\/v2\/posts\/42416","targetHints":{"allow":["GET"]}}],"collection":[{"href":"https:\/\/www.abchukuk.com\/index.php\/wp-json\/wp\/v2\/posts"}],"about":[{"href":"https:\/\/www.abchukuk.com\/index.php\/wp-json\/wp\/v2\/types\/post"}],"author":[{"embeddable":true,"href":"https:\/\/www.abchukuk.com\/index.php\/wp-json\/wp\/v2\/users\/1"}],"replies":[{"embeddable":true,"href":"https:\/\/www.abchukuk.com\/index.php\/wp-json\/wp\/v2\/comments?post=42416"}],"version-history":[{"count":0,"href":"https:\/\/www.abchukuk.com\/index.php\/wp-json\/wp\/v2\/posts\/42416\/revisions"}],"wp:featuredmedia":[{"embeddable":true,"href":"https:\/\/www.abchukuk.com\/index.php\/wp-json\/wp\/v2\/media\/42417"}],"wp:attachment":[{"href":"https:\/\/www.abchukuk.com\/index.php\/wp-json\/wp\/v2\/media?parent=42416"}],"wp:term":[{"taxonomy":"category","embeddable":true,"href":"https:\/\/www.abchukuk.com\/index.php\/wp-json\/wp\/v2\/categories?post=42416"},{"taxonomy":"post_tag","embeddable":true,"href":"https:\/\/www.abchukuk.com\/index.php\/wp-json\/wp\/v2\/tags?post=42416"}],"curies":[{"name":"wp","href":"https:\/\/api.w.org\/{rel}","templated":true}]}}