{"id":42414,"date":"2026-09-03T19:15:22","date_gmt":"2026-09-03T19:15:22","guid":{"rendered":"https:\/\/www.abchukuk.com\/index.php\/2026\/09\/03\/silivrideki-gemi-kazasinda-2-kaptana-tutuklama-talebi\/"},"modified":"2026-09-03T19:15:22","modified_gmt":"2026-09-03T19:15:22","slug":"silivrideki-gemi-kazasinda-2-kaptana-tutuklama-talebi","status":"publish","type":"post","link":"https:\/\/www.abchukuk.com\/index.php\/2026\/09\/03\/silivrideki-gemi-kazasinda-2-kaptana-tutuklama-talebi\/","title":{"rendered":"Silivri\u2019deki Gemi Kazas\u0131nda 2 Kaptana Tutuklama Talebi"},"content":{"rendered":"<p><a href=\"https:\/\/www.gercekgundem.com\/guncel\/silivrideki-gemi-kazasinda-2-kaptana-tutuklama-talebi-577965\"><br \/>\n                                                            <img decoding=\"async\" src=\"https:\/\/i.gercekgundem.com\/2\/150\/84\/storage\/files\/images\/2026\/09\/03\/silivrideki-gemi-kazasinda-2-kaptana-tutuklama-talebi-hhmw.jpg\" width=\"150\" height=\"84\" border=\"0\" align=\"right\" \/><br \/>\n                                                    <\/a><\/p>\n<h4>Silivri a\u00e7\u0131klar\u0131nda iki geminin \u00e7arp\u0131\u015fmas\u0131 sonucu 10 m\u00fcrettebat\u0131n kayboldu\u011fu kazaya ili\u015fkin soru\u015fturmada yeni geli\u015fme ya\u015fand\u0131. ALSU gemisinin 1. ve 3. kaptan\u0131 i\u00e7in tutuklama, di\u011fer 4 \u015f\u00fcpheli i\u00e7in adli kontrol talep edildi.<\/h4>\n<p>Silivri a\u00e7\u0131klar\u0131nda iki geminin \u00e7arp\u0131\u015fmas\u0131 sonucu 10 m\u00fcrettebat\u0131n kayboldu\u011fu kazaya ili\u015fkin soru\u015fturmada yeni geli\u015fme ya\u015fand\u0131. ALSU gemisinin 1. ve 3. kaptan\u0131 i\u00e7in tutuklama, di\u011fer 4 \u015f\u00fcpheli i\u00e7in adli kontrol talep edildi.\u00a0<a href=\"https:\/\/www.gercekgundem.com\/guncel\/silivrideki-gemi-kazasinda-2-kaptana-tutuklama-talebi-577965\" target=\"_blank\" class=\"feedzy-rss-link-icon\">Read More<\/a><\/p>","protected":false},"excerpt":{"rendered":"<p>Silivri a\u00e7\u0131klar\u0131nda iki geminin \u00e7arp\u0131\u015fmas\u0131 sonucu 10 m\u00fcrettebat\u0131n kayboldu\u011fu kazaya ili\u015fkin soru\u015fturmada yeni geli\u015fme ya\u015fand\u0131. ALSU gemisinin 1. ve 3. kaptan\u0131 i\u00e7in tutuklama, di\u011fer 4 \u015f\u00fcpheli i\u00e7in adli kontrol talep edildi. Silivri a\u00e7\u0131klar\u0131nda iki geminin \u00e7arp\u0131\u015fmas\u0131 sonucu 10 m\u00fcrettebat\u0131n kayboldu\u011fu kazaya ili\u015fkin soru\u015fturmada yeni geli\u015fme ya\u015fand\u0131. ALSU gemisinin 1. ve 3. kaptan\u0131 i\u00e7in tutuklama, di\u011fer [&hellip;]<\/p>\n","protected":false},"author":1,"featured_media":42415,"comment_status":"open","ping_status":"open","sticky":false,"template":"","format":"standard","meta":{"footnotes":"","_links_to":"","_links_to_target":""},"categories":[1],"tags":[],"class_list":["post-42414","post","type-post","status-publish","format-standard","has-post-thumbnail","hentry","category-haberler"],"_links":{"self":[{"href":"https:\/\/www.abchukuk.com\/index.php\/wp-json\/wp\/v2\/posts\/42414","targetHints":{"allow":["GET"]}}],"collection":[{"href":"https:\/\/www.abchukuk.com\/index.php\/wp-json\/wp\/v2\/posts"}],"about":[{"href":"https:\/\/www.abchukuk.com\/index.php\/wp-json\/wp\/v2\/types\/post"}],"author":[{"embeddable":true,"href":"https:\/\/www.abchukuk.com\/index.php\/wp-json\/wp\/v2\/users\/1"}],"replies":[{"embeddable":true,"href":"https:\/\/www.abchukuk.com\/index.php\/wp-json\/wp\/v2\/comments?post=42414"}],"version-history":[{"count":0,"href":"https:\/\/www.abchukuk.com\/index.php\/wp-json\/wp\/v2\/posts\/42414\/revisions"}],"wp:featuredmedia":[{"embeddable":true,"href":"https:\/\/www.abchukuk.com\/index.php\/wp-json\/wp\/v2\/media\/42415"}],"wp:attachment":[{"href":"https:\/\/www.abchukuk.com\/index.php\/wp-json\/wp\/v2\/media?parent=42414"}],"wp:term":[{"taxonomy":"category","embeddable":true,"href":"https:\/\/www.abchukuk.com\/index.php\/wp-json\/wp\/v2\/categories?post=42414"},{"taxonomy":"post_tag","embeddable":true,"href":"https:\/\/www.abchukuk.com\/index.php\/wp-json\/wp\/v2\/tags?post=42414"}],"curies":[{"name":"wp","href":"https:\/\/api.w.org\/{rel}","templated":true}]}}