{"id":42411,"date":"2026-09-03T19:38:48","date_gmt":"2026-09-03T19:38:48","guid":{"rendered":"https:\/\/www.abchukuk.com\/index.php\/2026\/09\/03\/yuregirde-baskan-vekili-secimine-mahkemeden-yurutmeyi-durdurma-karari\/"},"modified":"2026-09-03T19:38:48","modified_gmt":"2026-09-03T19:38:48","slug":"yuregirde-baskan-vekili-secimine-mahkemeden-yurutmeyi-durdurma-karari","status":"publish","type":"post","link":"https:\/\/www.abchukuk.com\/index.php\/2026\/09\/03\/yuregirde-baskan-vekili-secimine-mahkemeden-yurutmeyi-durdurma-karari\/","title":{"rendered":"Y\u00fcre\u011fir\u2019de ba\u015fkan vekili se\u00e7imine mahkemeden y\u00fcr\u00fctmeyi durdurma karar\u0131"},"content":{"rendered":"<p>Adana 2. \u0130dare Mahkemesi, g\u00f6revden uzakla\u015ft\u0131r\u0131lan Y\u00fcre\u011fir Belediye Ba\u015fkan\u0131 Ali Demir\u00e7al\u0131\u2019n\u0131n yerine yap\u0131lan ba\u015fkan vekili se\u00e7imine ili\u015fkin a\u00e7\u0131lan davada y\u00fcr\u00fctmenin durdurulmas\u0131na karar verdi.Adana 2. \u0130dare Mahkemesi, g\u00f6revden uzakla\u015ft\u0131r\u0131lan Y\u00fcre\u011fir Belediye Ba\u015fkan\u0131 Ali Demir\u00e7al\u0131\u2019n\u0131n yerine yap\u0131lan ba\u015fkan vekili se\u00e7imine ili\u015fkin a\u00e7\u0131lan davada y\u00fcr\u00fctmenin durdurulmas\u0131na karar verdi.\u00a0<a href=\"https:\/\/anlatilaninotesi.com.tr\/20260903\/yuregirde-baskan-vekili-secimine-mahkemeden-yurutmeyi-durdurma-karari-1108483971.html\" target=\"_blank\" class=\"feedzy-rss-link-icon\">Read More<\/a><\/p>","protected":false},"excerpt":{"rendered":"<p>Adana 2. \u0130dare Mahkemesi, g\u00f6revden uzakla\u015ft\u0131r\u0131lan Y\u00fcre\u011fir Belediye Ba\u015fkan\u0131 Ali Demir\u00e7al\u0131\u2019n\u0131n yerine yap\u0131lan ba\u015fkan vekili se\u00e7imine ili\u015fkin a\u00e7\u0131lan davada y\u00fcr\u00fctmenin durdurulmas\u0131na karar verdi.Adana 2. \u0130dare Mahkemesi, g\u00f6revden uzakla\u015ft\u0131r\u0131lan Y\u00fcre\u011fir Belediye Ba\u015fkan\u0131 Ali Demir\u00e7al\u0131\u2019n\u0131n yerine yap\u0131lan ba\u015fkan vekili se\u00e7imine ili\u015fkin a\u00e7\u0131lan davada y\u00fcr\u00fctmenin durdurulmas\u0131na karar verdi.\u00a0Read More<\/p>\n","protected":false},"author":1,"featured_media":0,"comment_status":"open","ping_status":"open","sticky":false,"template":"","format":"standard","meta":{"footnotes":"","_links_to":"","_links_to_target":""},"categories":[1],"tags":[],"class_list":["post-42411","post","type-post","status-publish","format-standard","hentry","category-haberler"],"_links":{"self":[{"href":"https:\/\/www.abchukuk.com\/index.php\/wp-json\/wp\/v2\/posts\/42411","targetHints":{"allow":["GET"]}}],"collection":[{"href":"https:\/\/www.abchukuk.com\/index.php\/wp-json\/wp\/v2\/posts"}],"about":[{"href":"https:\/\/www.abchukuk.com\/index.php\/wp-json\/wp\/v2\/types\/post"}],"author":[{"embeddable":true,"href":"https:\/\/www.abchukuk.com\/index.php\/wp-json\/wp\/v2\/users\/1"}],"replies":[{"embeddable":true,"href":"https:\/\/www.abchukuk.com\/index.php\/wp-json\/wp\/v2\/comments?post=42411"}],"version-history":[{"count":0,"href":"https:\/\/www.abchukuk.com\/index.php\/wp-json\/wp\/v2\/posts\/42411\/revisions"}],"wp:attachment":[{"href":"https:\/\/www.abchukuk.com\/index.php\/wp-json\/wp\/v2\/media?parent=42411"}],"wp:term":[{"taxonomy":"category","embeddable":true,"href":"https:\/\/www.abchukuk.com\/index.php\/wp-json\/wp\/v2\/categories?post=42411"},{"taxonomy":"post_tag","embeddable":true,"href":"https:\/\/www.abchukuk.com\/index.php\/wp-json\/wp\/v2\/tags?post=42411"}],"curies":[{"name":"wp","href":"https:\/\/api.w.org\/{rel}","templated":true}]}}