{"id":42409,"date":"2026-09-03T17:29:00","date_gmt":"2026-09-03T17:29:00","guid":{"rendered":"https:\/\/www.abchukuk.com\/index.php\/2026\/09\/03\/ibb-davasinda-ara-karar-2-kisi-tahliye-edildi\/"},"modified":"2026-09-03T17:29:00","modified_gmt":"2026-09-03T17:29:00","slug":"ibb-davasinda-ara-karar-2-kisi-tahliye-edildi","status":"publish","type":"post","link":"https:\/\/www.abchukuk.com\/index.php\/2026\/09\/03\/ibb-davasinda-ara-karar-2-kisi-tahliye-edildi\/","title":{"rendered":"\u0130BB Davas\u0131nda Ara Karar: 2 Ki\u015fi Tahliye Edildi"},"content":{"rendered":"<p><a href=\"https:\/\/www.gercekgundem.com\/guncel\/ibb-davasinda-ara-karar-2-kisi-tahliye-edildi-577963\"><br \/>\n                                                            <img decoding=\"async\" src=\"https:\/\/i.gercekgundem.com\/2\/150\/84\/storage\/files\/images\/2026\/09\/03\/ibb-davasinda-ara-karar-2-kisi-tahliye-edildi-rf3t.jpg\" width=\"150\" height=\"84\" border=\"0\" align=\"right\" \/><br \/>\n                                                    <\/a><\/p>\n<h4>\u0130BB Ba\u015fkan\u0131 Ekrem \u0130mamo\u011flu\u2019nun da aralar\u0131nda bulundu\u011fu 53\u2019\u00fc tutuklu 414 san\u0131kl\u0131 davada ara karar a\u00e7\u0131kland\u0131. Mahkeme, Bak\u0131rk\u00f6y Belediye Ba\u015fkan Yard\u0131mc\u0131s\u0131 Ali R\u0131za Aky\u00fcz ve i\u015f insan\u0131 Serkan \u00d6zt\u00fcrk&#8217;\u00fcn tahliyelerine karar verdi<\/h4>\n<p>\u0130BB Ba\u015fkan\u0131 Ekrem \u0130mamo\u011flu\u2019nun da aralar\u0131nda bulundu\u011fu 53\u2019\u00fc tutuklu 414 san\u0131kl\u0131 davada ara karar a\u00e7\u0131kland\u0131. Mahkeme, Bak\u0131rk\u00f6y Belediye Ba\u015fkan Yard\u0131mc\u0131s\u0131 Ali R\u0131za Aky\u00fcz ve i\u015f insan\u0131 Serkan \u00d6zt\u00fcrk&#8217;\u00fcn tahliyelerine karar verdi\u00a0<a href=\"https:\/\/www.gercekgundem.com\/guncel\/ibb-davasinda-ara-karar-2-kisi-tahliye-edildi-577963\" target=\"_blank\" class=\"feedzy-rss-link-icon\">Read More<\/a><\/p>","protected":false},"excerpt":{"rendered":"<p>\u0130BB Ba\u015fkan\u0131 Ekrem \u0130mamo\u011flu\u2019nun da aralar\u0131nda bulundu\u011fu 53\u2019\u00fc tutuklu 414 san\u0131kl\u0131 davada ara karar a\u00e7\u0131kland\u0131. Mahkeme, Bak\u0131rk\u00f6y Belediye Ba\u015fkan Yard\u0131mc\u0131s\u0131 Ali R\u0131za Aky\u00fcz ve i\u015f insan\u0131 Serkan \u00d6zt\u00fcrk&#8217;\u00fcn tahliyelerine karar verdi \u0130BB Ba\u015fkan\u0131 Ekrem \u0130mamo\u011flu\u2019nun da aralar\u0131nda bulundu\u011fu 53\u2019\u00fc tutuklu 414 san\u0131kl\u0131 davada ara karar a\u00e7\u0131kland\u0131. Mahkeme, Bak\u0131rk\u00f6y Belediye Ba\u015fkan Yard\u0131mc\u0131s\u0131 Ali R\u0131za Aky\u00fcz ve [&hellip;]<\/p>\n","protected":false},"author":1,"featured_media":42410,"comment_status":"open","ping_status":"open","sticky":false,"template":"","format":"standard","meta":{"footnotes":"","_links_to":"","_links_to_target":""},"categories":[1],"tags":[],"class_list":["post-42409","post","type-post","status-publish","format-standard","has-post-thumbnail","hentry","category-haberler"],"_links":{"self":[{"href":"https:\/\/www.abchukuk.com\/index.php\/wp-json\/wp\/v2\/posts\/42409","targetHints":{"allow":["GET"]}}],"collection":[{"href":"https:\/\/www.abchukuk.com\/index.php\/wp-json\/wp\/v2\/posts"}],"about":[{"href":"https:\/\/www.abchukuk.com\/index.php\/wp-json\/wp\/v2\/types\/post"}],"author":[{"embeddable":true,"href":"https:\/\/www.abchukuk.com\/index.php\/wp-json\/wp\/v2\/users\/1"}],"replies":[{"embeddable":true,"href":"https:\/\/www.abchukuk.com\/index.php\/wp-json\/wp\/v2\/comments?post=42409"}],"version-history":[{"count":0,"href":"https:\/\/www.abchukuk.com\/index.php\/wp-json\/wp\/v2\/posts\/42409\/revisions"}],"wp:featuredmedia":[{"embeddable":true,"href":"https:\/\/www.abchukuk.com\/index.php\/wp-json\/wp\/v2\/media\/42410"}],"wp:attachment":[{"href":"https:\/\/www.abchukuk.com\/index.php\/wp-json\/wp\/v2\/media?parent=42409"}],"wp:term":[{"taxonomy":"category","embeddable":true,"href":"https:\/\/www.abchukuk.com\/index.php\/wp-json\/wp\/v2\/categories?post=42409"},{"taxonomy":"post_tag","embeddable":true,"href":"https:\/\/www.abchukuk.com\/index.php\/wp-json\/wp\/v2\/tags?post=42409"}],"curies":[{"name":"wp","href":"https:\/\/api.w.org\/{rel}","templated":true}]}}