{"id":42407,"date":"2026-09-03T18:09:00","date_gmt":"2026-09-03T18:09:00","guid":{"rendered":"https:\/\/www.abchukuk.com\/index.php\/2026\/09\/03\/mezari-acilan-eski-bakanin-doktoru-yalan-tanikliktan-gozaltina-alindi-tanik-olarak-verdigi-ifadesi-ortaya-cikti\/"},"modified":"2026-09-03T18:09:00","modified_gmt":"2026-09-03T18:09:00","slug":"mezari-acilan-eski-bakanin-doktoru-yalan-tanikliktan-gozaltina-alindi-tanik-olarak-verdigi-ifadesi-ortaya-cikti","status":"publish","type":"post","link":"https:\/\/www.abchukuk.com\/index.php\/2026\/09\/03\/mezari-acilan-eski-bakanin-doktoru-yalan-tanikliktan-gozaltina-alindi-tanik-olarak-verdigi-ifadesi-ortaya-cikti\/","title":{"rendered":"Mezar\u0131 a\u00e7\u0131lan eski Bakan\u0131n doktoru &#8216;yalan tan\u0131kl\u0131k&#8217;tan g\u00f6zalt\u0131na al\u0131nd\u0131: &#8216;Tan\u0131k&#8217; olarak verdi\u011fi ifadesi ortaya \u00e7\u0131kt\u0131"},"content":{"rendered":"<p>Eski Ula\u015ft\u0131rma Bakan\u0131 Arif Ahmet Denizolgun\u2019un doktoru oldu\u011fu iddia edilen Nurettin Demirkol&#8217;un 26 A\u011fustos&#8217;ta savc\u0131l\u0131kta &#8216;tan\u0131k&#8217; s\u0131fat\u0131yla verdi\u011fi ifade ortaya \u00e7\u0131kt\u0131. &#8216;Yalan tan\u0131kl\u0131k&#8217; nedeniyle g\u00f6zalt\u0131na al\u0131nan Nurettin Demirkol ifadesinde &#8220;Olay\u0131n \u00fcst\u00fcnden \u00e7ok zaman ge\u00e7ti\u011fi i\u00e7in beni kimin arad\u0131\u011f\u0131n\u0131 hat\u0131rlam\u0131yorum. Saati tam hat\u0131rlamamakla birlikte hava kararm\u0131\u015ft\u0131, geceydi. Beni arad\u0131klar\u0131nda ne s\u00f6ylediklerini tam olarak hat\u0131rlam\u0131yorum. Tek ba\u015f\u0131ma \u00e7iftli\u011fe gittim&#8221; dedi.Eski Ula\u015ft\u0131rma Bakan\u0131 Arif Ahmet Denizolgun\u2019un doktoru oldu\u011fu iddia edilen Nurettin Demirkol&#8217;un 26 A\u011fustos&#8217;ta savc\u0131l\u0131kta &#8216;tan\u0131k&#8217; s\u0131fat\u0131yla verdi\u011fi ifade ortaya \u00e7\u0131kt\u0131. &#8216;Yalan tan\u0131kl\u0131k&#8217; nedeniyle g\u00f6zalt\u0131na al\u0131nan Nurettin Demirkol ifadesinde &#8220;Olay\u0131n \u00fcst\u00fcnden \u00e7ok zaman ge\u00e7ti\u011fi i\u00e7in beni kimin arad\u0131\u011f\u0131n\u0131 hat\u0131rlam\u0131yorum. Saati tam hat\u0131rlamamakla birlikte hava kararm\u0131\u015ft\u0131, geceydi. Beni arad\u0131klar\u0131nda ne s\u00f6ylediklerini tam olarak hat\u0131rlam\u0131yorum. Tek ba\u015f\u0131ma \u00e7iftli\u011fe gittim&#8221; dedi.\u00a0<a href=\"https:\/\/www.cumhuriyet.com.tr\/siyaset\/mezari-acilan-eski-bakanin-doktoru-yalan-taniklik-tan-gozaltina-alindi-tanik-olarak-verdigi-ifadesi-ortaya-cikti-2534717\" target=\"_blank\" class=\"feedzy-rss-link-icon\">Read More<\/a><\/p>","protected":false},"excerpt":{"rendered":"<p>Eski Ula\u015ft\u0131rma Bakan\u0131 Arif Ahmet Denizolgun\u2019un doktoru oldu\u011fu iddia edilen Nurettin Demirkol&#8217;un 26 A\u011fustos&#8217;ta savc\u0131l\u0131kta &#8216;tan\u0131k&#8217; s\u0131fat\u0131yla verdi\u011fi ifade ortaya \u00e7\u0131kt\u0131. &#8216;Yalan tan\u0131kl\u0131k&#8217; nedeniyle g\u00f6zalt\u0131na al\u0131nan Nurettin Demirkol ifadesinde &#8220;Olay\u0131n \u00fcst\u00fcnden \u00e7ok zaman ge\u00e7ti\u011fi i\u00e7in beni kimin arad\u0131\u011f\u0131n\u0131 hat\u0131rlam\u0131yorum. Saati tam hat\u0131rlamamakla birlikte hava kararm\u0131\u015ft\u0131, geceydi. Beni arad\u0131klar\u0131nda ne s\u00f6ylediklerini tam olarak hat\u0131rlam\u0131yorum. Tek ba\u015f\u0131ma [&hellip;]<\/p>\n","protected":false},"author":1,"featured_media":42408,"comment_status":"open","ping_status":"open","sticky":false,"template":"","format":"standard","meta":{"footnotes":"","_links_to":"","_links_to_target":""},"categories":[1],"tags":[],"class_list":["post-42407","post","type-post","status-publish","format-standard","has-post-thumbnail","hentry","category-haberler"],"_links":{"self":[{"href":"https:\/\/www.abchukuk.com\/index.php\/wp-json\/wp\/v2\/posts\/42407","targetHints":{"allow":["GET"]}}],"collection":[{"href":"https:\/\/www.abchukuk.com\/index.php\/wp-json\/wp\/v2\/posts"}],"about":[{"href":"https:\/\/www.abchukuk.com\/index.php\/wp-json\/wp\/v2\/types\/post"}],"author":[{"embeddable":true,"href":"https:\/\/www.abchukuk.com\/index.php\/wp-json\/wp\/v2\/users\/1"}],"replies":[{"embeddable":true,"href":"https:\/\/www.abchukuk.com\/index.php\/wp-json\/wp\/v2\/comments?post=42407"}],"version-history":[{"count":0,"href":"https:\/\/www.abchukuk.com\/index.php\/wp-json\/wp\/v2\/posts\/42407\/revisions"}],"wp:featuredmedia":[{"embeddable":true,"href":"https:\/\/www.abchukuk.com\/index.php\/wp-json\/wp\/v2\/media\/42408"}],"wp:attachment":[{"href":"https:\/\/www.abchukuk.com\/index.php\/wp-json\/wp\/v2\/media?parent=42407"}],"wp:term":[{"taxonomy":"category","embeddable":true,"href":"https:\/\/www.abchukuk.com\/index.php\/wp-json\/wp\/v2\/categories?post=42407"},{"taxonomy":"post_tag","embeddable":true,"href":"https:\/\/www.abchukuk.com\/index.php\/wp-json\/wp\/v2\/tags?post=42407"}],"curies":[{"name":"wp","href":"https:\/\/api.w.org\/{rel}","templated":true}]}}