{"id":42404,"date":"2026-09-03T18:31:00","date_gmt":"2026-09-03T18:31:00","guid":{"rendered":"https:\/\/www.abchukuk.com\/index.php\/2026\/09\/03\/imamoglu-cikar-amacli-suc-orgutu-davasinda-2-sanik-tahliye-edildi\/"},"modified":"2026-09-03T18:31:00","modified_gmt":"2026-09-03T18:31:00","slug":"imamoglu-cikar-amacli-suc-orgutu-davasinda-2-sanik-tahliye-edildi","status":"publish","type":"post","link":"https:\/\/www.abchukuk.com\/index.php\/2026\/09\/03\/imamoglu-cikar-amacli-suc-orgutu-davasinda-2-sanik-tahliye-edildi\/","title":{"rendered":"&#8220;\u0130mamo\u011flu \u00e7\u0131kar ama\u00e7l\u0131 su\u00e7 \u00f6rg\u00fct\u00fc&#8221; davas\u0131nda 2 san\u0131k tahliye edildi"},"content":{"rendered":"<p>&#8220;\u0130mamo\u011flu \u00e7\u0131kar ama\u00e7l\u0131 su\u00e7 \u00f6rg\u00fct\u00fc&#8221;ne ili\u015fkin 53&#8217;\u00fc tutuklu 414 san\u0131\u011f\u0131n yarg\u0131land\u0131\u011f\u0131 davada, ayl\u0131k tutukluluk incelemesi kapsam\u0131nda 2 san\u0131\u011f\u0131n tahliyesine karar verildi.&#8221;\u0130mamo\u011flu \u00e7\u0131kar ama\u00e7l\u0131 su\u00e7 \u00f6rg\u00fct\u00fc&#8221;ne ili\u015fkin 53&#8217;\u00fc tutuklu 414 san\u0131\u011f\u0131n yarg\u0131land\u0131\u011f\u0131 davada, ayl\u0131k tutukluluk incelemesi kapsam\u0131nda 2 san\u0131\u011f\u0131n tahliyesine karar verildi.\u00a0<a href=\"https:\/\/www.dunya.com\/gundem\/imamoglu-cikar-amacli-suc-orgutu-davasinda-2-sanik-tahliye-edildi-haberi-838670\" target=\"_blank\" class=\"feedzy-rss-link-icon\">Read More<\/a><\/p>","protected":false},"excerpt":{"rendered":"<p>&#8220;\u0130mamo\u011flu \u00e7\u0131kar ama\u00e7l\u0131 su\u00e7 \u00f6rg\u00fct\u00fc&#8221;ne ili\u015fkin 53&#8217;\u00fc tutuklu 414 san\u0131\u011f\u0131n yarg\u0131land\u0131\u011f\u0131 davada, ayl\u0131k tutukluluk incelemesi kapsam\u0131nda 2 san\u0131\u011f\u0131n tahliyesine karar verildi.&#8221;\u0130mamo\u011flu \u00e7\u0131kar ama\u00e7l\u0131 su\u00e7 \u00f6rg\u00fct\u00fc&#8221;ne ili\u015fkin 53&#8217;\u00fc tutuklu 414 san\u0131\u011f\u0131n yarg\u0131land\u0131\u011f\u0131 davada, ayl\u0131k tutukluluk incelemesi kapsam\u0131nda 2 san\u0131\u011f\u0131n tahliyesine karar verildi.\u00a0Read More<\/p>\n","protected":false},"author":1,"featured_media":42405,"comment_status":"open","ping_status":"open","sticky":false,"template":"","format":"standard","meta":{"footnotes":"","_links_to":"","_links_to_target":""},"categories":[1],"tags":[],"class_list":["post-42404","post","type-post","status-publish","format-standard","has-post-thumbnail","hentry","category-haberler"],"_links":{"self":[{"href":"https:\/\/www.abchukuk.com\/index.php\/wp-json\/wp\/v2\/posts\/42404","targetHints":{"allow":["GET"]}}],"collection":[{"href":"https:\/\/www.abchukuk.com\/index.php\/wp-json\/wp\/v2\/posts"}],"about":[{"href":"https:\/\/www.abchukuk.com\/index.php\/wp-json\/wp\/v2\/types\/post"}],"author":[{"embeddable":true,"href":"https:\/\/www.abchukuk.com\/index.php\/wp-json\/wp\/v2\/users\/1"}],"replies":[{"embeddable":true,"href":"https:\/\/www.abchukuk.com\/index.php\/wp-json\/wp\/v2\/comments?post=42404"}],"version-history":[{"count":0,"href":"https:\/\/www.abchukuk.com\/index.php\/wp-json\/wp\/v2\/posts\/42404\/revisions"}],"wp:featuredmedia":[{"embeddable":true,"href":"https:\/\/www.abchukuk.com\/index.php\/wp-json\/wp\/v2\/media\/42405"}],"wp:attachment":[{"href":"https:\/\/www.abchukuk.com\/index.php\/wp-json\/wp\/v2\/media?parent=42404"}],"wp:term":[{"taxonomy":"category","embeddable":true,"href":"https:\/\/www.abchukuk.com\/index.php\/wp-json\/wp\/v2\/categories?post=42404"},{"taxonomy":"post_tag","embeddable":true,"href":"https:\/\/www.abchukuk.com\/index.php\/wp-json\/wp\/v2\/tags?post=42404"}],"curies":[{"name":"wp","href":"https:\/\/api.w.org\/{rel}","templated":true}]}}