{"id":42402,"date":"2026-09-03T18:39:00","date_gmt":"2026-09-03T18:39:00","guid":{"rendered":"https:\/\/www.abchukuk.com\/index.php\/2026\/09\/03\/son-dakika-silivrideki-gemi-kazasinda-2-kisiye-tutuklama-talebi\/"},"modified":"2026-09-03T18:39:00","modified_gmt":"2026-09-03T18:39:00","slug":"son-dakika-silivrideki-gemi-kazasinda-2-kisiye-tutuklama-talebi","status":"publish","type":"post","link":"https:\/\/www.abchukuk.com\/index.php\/2026\/09\/03\/son-dakika-silivrideki-gemi-kazasinda-2-kisiye-tutuklama-talebi\/","title":{"rendered":"Son Dakika&#8230; Silivri&#8217;deki gemi kazas\u0131nda 2 ki\u015fiye tutuklama talebi"},"content":{"rendered":"<p>Silivri a\u00e7\u0131klar\u0131nda meydana gelen gemi kazas\u0131na kar\u0131\u015fan ALSU gemisinin 1. ve 3. kaptan\u0131 i\u00e7in tutuklama, di\u011fer 4 ki\u015fi hakk\u0131nda ise adli kontrol talep edildi.Silivri a\u00e7\u0131klar\u0131nda meydana gelen gemi kazas\u0131na kar\u0131\u015fan ALSU gemisinin 1. ve 3. kaptan\u0131 i\u00e7in tutuklama, di\u011fer 4 ki\u015fi hakk\u0131nda ise adli kontrol talep edildi.\u00a0<a href=\"https:\/\/www.cumhuriyet.com.tr\/turkiye\/son-dakika-silivri-deki-gemi-kazasinda-2-kisiye-tutuklama-talebi-2534732\" target=\"_blank\" class=\"feedzy-rss-link-icon\">Read More<\/a><\/p>","protected":false},"excerpt":{"rendered":"<p>Silivri a\u00e7\u0131klar\u0131nda meydana gelen gemi kazas\u0131na kar\u0131\u015fan ALSU gemisinin 1. ve 3. kaptan\u0131 i\u00e7in tutuklama, di\u011fer 4 ki\u015fi hakk\u0131nda ise adli kontrol talep edildi.Silivri a\u00e7\u0131klar\u0131nda meydana gelen gemi kazas\u0131na kar\u0131\u015fan ALSU gemisinin 1. ve 3. kaptan\u0131 i\u00e7in tutuklama, di\u011fer 4 ki\u015fi hakk\u0131nda ise adli kontrol talep edildi.\u00a0Read More<\/p>\n","protected":false},"author":1,"featured_media":42403,"comment_status":"open","ping_status":"open","sticky":false,"template":"","format":"standard","meta":{"footnotes":"","_links_to":"","_links_to_target":""},"categories":[1],"tags":[],"class_list":["post-42402","post","type-post","status-publish","format-standard","has-post-thumbnail","hentry","category-haberler"],"_links":{"self":[{"href":"https:\/\/www.abchukuk.com\/index.php\/wp-json\/wp\/v2\/posts\/42402","targetHints":{"allow":["GET"]}}],"collection":[{"href":"https:\/\/www.abchukuk.com\/index.php\/wp-json\/wp\/v2\/posts"}],"about":[{"href":"https:\/\/www.abchukuk.com\/index.php\/wp-json\/wp\/v2\/types\/post"}],"author":[{"embeddable":true,"href":"https:\/\/www.abchukuk.com\/index.php\/wp-json\/wp\/v2\/users\/1"}],"replies":[{"embeddable":true,"href":"https:\/\/www.abchukuk.com\/index.php\/wp-json\/wp\/v2\/comments?post=42402"}],"version-history":[{"count":0,"href":"https:\/\/www.abchukuk.com\/index.php\/wp-json\/wp\/v2\/posts\/42402\/revisions"}],"wp:featuredmedia":[{"embeddable":true,"href":"https:\/\/www.abchukuk.com\/index.php\/wp-json\/wp\/v2\/media\/42403"}],"wp:attachment":[{"href":"https:\/\/www.abchukuk.com\/index.php\/wp-json\/wp\/v2\/media?parent=42402"}],"wp:term":[{"taxonomy":"category","embeddable":true,"href":"https:\/\/www.abchukuk.com\/index.php\/wp-json\/wp\/v2\/categories?post=42402"},{"taxonomy":"post_tag","embeddable":true,"href":"https:\/\/www.abchukuk.com\/index.php\/wp-json\/wp\/v2\/tags?post=42402"}],"curies":[{"name":"wp","href":"https:\/\/api.w.org\/{rel}","templated":true}]}}