{"id":42400,"date":"2026-09-03T18:48:35","date_gmt":"2026-09-03T18:48:35","guid":{"rendered":"https:\/\/www.abchukuk.com\/index.php\/2026\/09\/03\/silivrideki-gemi-faciasinda-flas-gelisme-kaptan-ve-vardiya-zabitine-tutuklama-talebi-var\/"},"modified":"2026-09-03T18:48:35","modified_gmt":"2026-09-03T18:48:35","slug":"silivrideki-gemi-faciasinda-flas-gelisme-kaptan-ve-vardiya-zabitine-tutuklama-talebi-var","status":"publish","type":"post","link":"https:\/\/www.abchukuk.com\/index.php\/2026\/09\/03\/silivrideki-gemi-faciasinda-flas-gelisme-kaptan-ve-vardiya-zabitine-tutuklama-talebi-var\/","title":{"rendered":"Silivri\u2019deki gemi facias\u0131nda fla\u015f geli\u015fme: Kaptan ve vardiya zabitine tutuklama talebi var!"},"content":{"rendered":"<p><strong>SON.TV\/\u0130STANBUL<\/strong><\/p>\n<p><strong>Silivri Cumhuriyet Ba\u015fsavc\u0131l\u0131\u011f\u0131<\/strong> taraf\u0131ndan 2 Eyl\u00fcl\u2019de Marmara Denizi\u2019nde meydana gelen gemi kazas\u0131na ili\u015fkin y\u00fcr\u00fct\u00fclen soru\u015fturma s\u00fcr\u00fcyor. T\u00fcrk bayrakl\u0131 <strong>ALSU<\/strong> tankeri ile Tu\u011fberk \u0130mamo\u011flu isimli kuru y\u00fck gemisinin \u00e7arp\u0131\u015fmas\u0131n\u0131n ard\u0131ndan Tu\u011fberk \u0130mamo\u011flu k\u0131sa s\u00fcrede zar batt\u0131. Gemide bulunan 10 m\u00fcrettebat\u0131 arama \u00e7al\u0131\u015fmalar\u0131 devam ederken, soru\u015fturma kapsam\u0131nda haz\u0131rlanan bilirki\u015fi \u00f6n raporu dosyaya girdi.<span class=\"Apple-converted-space\">\u00a0<\/span><\/p>\n<p><strong>KAPTAN KAMARASINDA UYUYORDU<\/strong><\/p>\n<p>Bilirki\u015fi \u00f6n raporunda kazan\u0131n meydana geldi\u011fi s\u0131rada <strong>ALSU<\/strong> gemisinin kaptan\u0131 <strong>Ahmet Erarslan\u2019<\/strong>\u0131n k\u00f6pr\u00fc\u00fcst\u00fcnde bulunmad\u0131\u011f\u0131 ve kamaras\u0131nda uyudu\u011fu tespitine yer verildi.<\/p>\n<p>Rapora g\u00f6re <strong>ALSU<\/strong>\u2019nun k\u00f6pr\u00fc\u00fcst\u00fcnde olay s\u0131ras\u0131nda yaln\u0131zca gemiye bir g\u00fcn \u00f6nce kat\u0131lan ve gemideki ilk seyir vardiyas\u0131n\u0131 tutan vardiya zabiti bulunuyordu. K\u00f6pr\u00fc\u00fcst\u00fcnde ayr\u0131ca g\u00f6zc\u00fc veya d\u00fcmenci g\u00f6revlendirilmedi\u011fi belirlendi.<span class=\"Apple-converted-space\">\u00a0<\/span><\/p>\n<p><strong>K\u00d6PR\u00dc\u00dcST\u00dcNDE SADECE VARD\u0130YA ZAB\u0130T\u0130 VARDI<\/strong><\/p>\n<p>Bilirki\u015fi heyeti, <strong>ALSU<\/strong>\u2019daki k\u00f6pr\u00fc\u00fcst\u00fc organizasyonuna ili\u015fkin \u00f6nemli tespitlerde bulundu.<\/p>\n<p>Raporda, yo\u011fun deniz trafi\u011finin bulundu\u011fu b\u00f6lgede vardiya zabitinin tek ba\u015f\u0131na g\u00f6rev yapt\u0131\u011f\u0131, kaptan, g\u00f6zc\u00fc ve d\u00fcmencinin k\u00f6pr\u00fc\u00fcst\u00fcnde olmad\u0131\u011f\u0131 kaydedildi. \u00c7arp\u0131\u015fmay\u0131 \u00f6nlemeye y\u00f6nelik h\u0131z azaltma veya makine stop gibi tedbirlerin de zaman\u0131nda uygulanmad\u0131\u011f\u0131 belirtildi.<span class=\"Apple-converted-space\">\u00a0<\/span><\/p>\n<p><strong>KAPTAN VE VARD\u0130YA ZAB\u0130T\u0130NE TUTUKLAMA TALEB\u0130<\/strong><\/p>\n<p><strong>Silivri Cumhuriyet Ba\u015fsavc\u0131l\u0131\u011f\u0131<\/strong>nca y\u00fcr\u00fct\u00fclen soru\u015fturma kapsam\u0131nda ALSU gemisindeki m\u00fcrettebat hakk\u0131nda adli i\u015flem ba\u015flat\u0131ld\u0131.<\/p>\n<p>Savc\u0131l\u0131k ifadeleri tamamlanan <strong>ALSU Kaptan\u0131 Ahmet Erarslan<\/strong> ile olay s\u0131ras\u0131nda vardiyada bulunan Murat Evciman, tutuklanmalar\u0131 talebiyle Sulh Ceza H\u00e2kimli\u011fine sevk edildi. Soru\u015fturman\u0131n \u201ctaksirle \u00f6ld\u00fcrme\u201d kapsam\u0131nda y\u00fcr\u00fct\u00fcld\u00fc\u011f\u00fc bildirildi.<span class=\"Apple-converted-space\">\u00a0<\/span><\/p>\n<p><strong>B\u0130L\u0130RK\u0130\u015e\u0130: ASL\u0130 K\u00d6K NEDEN ALSU\u2019DAK\u0130 ZAF\u0130YET<\/strong><\/p>\n<p>Bilirki\u015fi \u00f6n raporunda kazan\u0131n temel nedeni, \u201c<strong>\u00e7ift tarafl\u0131 k\u00f6pr\u00fc\u00fcst\u00fc disiplinsizli\u011fi, vardiya standartlar\u0131n\u0131n tamamen terk edilmesi ve durumsal fark\u0131ndal\u0131k kayb\u0131\u201d<\/strong> olarak de\u011ferlendirildi.<\/p>\n<p>Raporda, <strong>Tu\u011fberk \u0130mamo\u011flu<\/strong> gemisinin son manevras\u0131n\u0131n \u00e7arp\u0131\u015fmay\u0131 ba\u015flatan aktif etken oldu\u011fu, ancak olay\u0131n faciaya d\u00f6n\u00fc\u015fmesinin arkas\u0131ndaki asli k\u00f6k nedenin <strong>ALSU<\/strong> gemisindeki k\u00f6pr\u00fc\u00fcst\u00fc zafiyeti oldu\u011fu belirtildi.<span class=\"Apple-converted-space\">\u00a0<\/span><\/p>\n<p><strong>TU\u011eBERK \u0130MAMO\u011eLU\u2019NUN AIS S\u0130STEM\u0130 MERCEK ALTINDA<\/strong><\/p>\n<p>Bilirki\u015fi raporunda <strong>Tu\u011fberk \u0130mamo\u011flu<\/strong> gemisinin <strong>AIS<\/strong> sistemine ili\u015fkin de kritik tespitlere yer verildi.<\/p>\n<p>Geminin <strong>AIS<\/strong> sisteminin kapal\u0131, ar\u0131zal\u0131 veya d\u0131\u015f m\u00fcdahale nedeniyle yeterli \u015fekilde \u00e7al\u0131\u015fmad\u0131\u011f\u0131 ve bu nedenle <strong>ALSU<\/strong> taraf\u0131ndan ancak yakla\u015f\u0131k 1,8 deniz mili mesafede radar ekosu olarak fark edilebildi\u011fi kaydedildi.<span class=\"Apple-converted-space\">\u00a0<\/span><\/p>\n<p><strong>TELS\u0130ZDE MUTABAKAT SA\u011eLANDI ANCAK MANEVRA DE\u011e\u0130\u015eT\u0130<\/strong><\/p>\n<p>Raporda iki gemi aras\u0131nda \u00e7arp\u0131\u015fma \u00f6ncesinde telsiz g\u00f6r\u00fc\u015fmesi ger\u00e7ekle\u015ftirildi\u011fi belirtildi.<\/p>\n<p>Taraflar\u0131n \u201c<strong>iskeleye ka\u00e7\u0131nma\u201d<\/strong> y\u00f6n\u00fcnde mutabakata vard\u0131\u011f\u0131, ancak <strong>Tu\u011fberk \u0130mamo\u011flu<\/strong> gemisinin son yakla\u015f\u0131k 0,5 deniz milinde aniden sanca\u011fa y\u00f6nelerek <strong>ALSU\u2019<\/strong>nun pruva hatt\u0131n\u0131 kesti\u011fi de\u011ferlendirildi. Bilirki\u015fi heyeti bu manevray\u0131 kazay\u0131 tetikleyen unsurlardan biri olarak de\u011ferlendirdi.<span class=\"Apple-converted-space\">\u00a0<\/span><\/p>\n<p><strong>KR\u0130T\u0130K KAYITLAR DOSYAYA \u0130STEND\u0130<\/strong><\/p>\n<p>Bilirki\u015fi heyeti, kazan\u0131n t\u00fcm y\u00f6nleriyle ayd\u0131nlat\u0131lmas\u0131 i\u00e7in ek delillerin de soru\u015fturma dosyas\u0131na getirtilmesini istedi.<\/p>\n<p>Bu kapsamda <strong>VHF telsiz kay\u0131tlar\u0131,<\/strong> geni\u015fletilmi\u015f <strong>VTS<\/strong> radar g\u00f6r\u00fcnt\u00fcleri, Tu\u011fberk \u0130mamo\u011flu gemisinin y\u00fck ve stabilite evraklar\u0131 ile <strong>ALSU<\/strong> gemisinin d\u0131\u015f kamera kay\u0131tlar\u0131n\u0131n incelenmesi talep edildi.<span class=\"Apple-converted-space\">\u00a0<\/span><\/p>\n<p><strong>10 M\u00dcRETTEBATI ARAMA \u00c7ALI\u015eMALARI S\u00dcR\u00dcYOR<\/strong><\/p>\n<p><strong>Kocaeli\u2019den Alia\u011fa\u2019ya seyreden ALSU tankeri ile \u0130skenderun\u2019dan Karadeniz Ere\u011fli\u2019ye 4 bin 199 ton rulo sac ta\u015f\u0131yan Tu\u011fberk \u0130mamo\u011flu gemisi, 2 Eyl\u00fcl sabaha kar\u015f\u0131 Silivri a\u00e7\u0131klar\u0131nda \u00e7arp\u0131\u015ft\u0131.<\/strong><\/p>\n<p>\u00c7arp\u0131\u015fman\u0131n ard\u0131ndan <strong>Tu\u011fberk \u0130mamo\u011flu<\/strong> k\u0131sa s\u00fcre i\u00e7erisinde batt\u0131. Gemide bulunan 10 m\u00fcrettebata y\u00f6nelik arama kurtarma \u00e7al\u0131\u015fmalar\u0131 s\u00fcrerken, kazaya ili\u015fkin adli ve teknik soru\u015fturma da devam ediyor.<span class=\"Apple-converted-space\">\u00a0<\/span><\/p>\n<p><strong>ET\u0130KETLER: #Silivri #GemiKazas\u0131 #ALSU #Tu\u011fberk\u0130mamo\u011flu #SilivriCumhuriyetBa\u015fsavc\u0131l\u0131\u011f\u0131 #Kaptan #Bilirki\u015fiRaporu #TutuklamaTalebi #MarmaraDenizi<\/strong><\/p>\n<p>\u00a0<\/p>\n<p>Silivri a\u00e7\u0131klar\u0131nda ALSU ile Tu\u011fberk \u0130mamo\u011flu isimli ticari gemilerin \u00e7arp\u0131\u015fmas\u0131 sonucu Tu\u011fberk \u0130mamo\u011flu\u2019nun batmas\u0131 ve 10 m\u00fcrettebat\u0131n kaybolmas\u0131na ili\u015fkin soru\u015fturmada dikkat \u00e7eken yeni ayr\u0131nt\u0131lar ortaya \u00e7\u0131kt\u0131. Bilirki\u015fi \u00f6n raporunda ALSU gemisinin kaptan\u0131n\u0131n kaza s\u0131ras\u0131nda kamaras\u0131nda uyudu\u011fu, k\u00f6pr\u00fc\u00fcst\u00fcnde ise yaln\u0131zca gemiye bir g\u00fcn \u00f6nce kat\u0131lan vardiya zabitinin bulundu\u011fu tespit edildi. ALSU Kaptan\u0131 Ahmet Erarslan ile Vardiya Zabiti Murat Evciman, savc\u0131l\u0131k ifadelerinin ard\u0131ndan tutuklama talebiyle Sulh Ceza H\u00e2kimli\u011fine sevk edildi.\u00a0<a href=\"https:\/\/www.son.tv\/silivrideki-gemi-faciasinda-flas-gelisme-kaptan-ve-vardiya-zabitine-tutuklama-talebi-var\/\" target=\"_blank\" class=\"feedzy-rss-link-icon\">Read More<\/a><\/p>","protected":false},"excerpt":{"rendered":"<p>SON.TV\/\u0130STANBUL Silivri Cumhuriyet Ba\u015fsavc\u0131l\u0131\u011f\u0131 taraf\u0131ndan 2 Eyl\u00fcl\u2019de Marmara Denizi\u2019nde meydana gelen gemi kazas\u0131na ili\u015fkin y\u00fcr\u00fct\u00fclen soru\u015fturma s\u00fcr\u00fcyor. T\u00fcrk bayrakl\u0131 ALSU tankeri ile Tu\u011fberk \u0130mamo\u011flu isimli kuru y\u00fck gemisinin \u00e7arp\u0131\u015fmas\u0131n\u0131n ard\u0131ndan Tu\u011fberk \u0130mamo\u011flu k\u0131sa s\u00fcrede zar batt\u0131. Gemide bulunan 10 m\u00fcrettebat\u0131 arama \u00e7al\u0131\u015fmalar\u0131 devam ederken, soru\u015fturma kapsam\u0131nda haz\u0131rlanan bilirki\u015fi \u00f6n raporu dosyaya girdi.\u00a0 KAPTAN KAMARASINDA UYUYORDU [&hellip;]<\/p>\n","protected":false},"author":1,"featured_media":0,"comment_status":"open","ping_status":"open","sticky":false,"template":"","format":"standard","meta":{"footnotes":"","_links_to":"","_links_to_target":""},"categories":[1],"tags":[],"class_list":["post-42400","post","type-post","status-publish","format-standard","hentry","category-haberler"],"_links":{"self":[{"href":"https:\/\/www.abchukuk.com\/index.php\/wp-json\/wp\/v2\/posts\/42400","targetHints":{"allow":["GET"]}}],"collection":[{"href":"https:\/\/www.abchukuk.com\/index.php\/wp-json\/wp\/v2\/posts"}],"about":[{"href":"https:\/\/www.abchukuk.com\/index.php\/wp-json\/wp\/v2\/types\/post"}],"author":[{"embeddable":true,"href":"https:\/\/www.abchukuk.com\/index.php\/wp-json\/wp\/v2\/users\/1"}],"replies":[{"embeddable":true,"href":"https:\/\/www.abchukuk.com\/index.php\/wp-json\/wp\/v2\/comments?post=42400"}],"version-history":[{"count":0,"href":"https:\/\/www.abchukuk.com\/index.php\/wp-json\/wp\/v2\/posts\/42400\/revisions"}],"wp:attachment":[{"href":"https:\/\/www.abchukuk.com\/index.php\/wp-json\/wp\/v2\/media?parent=42400"}],"wp:term":[{"taxonomy":"category","embeddable":true,"href":"https:\/\/www.abchukuk.com\/index.php\/wp-json\/wp\/v2\/categories?post=42400"},{"taxonomy":"post_tag","embeddable":true,"href":"https:\/\/www.abchukuk.com\/index.php\/wp-json\/wp\/v2\/tags?post=42400"}],"curies":[{"name":"wp","href":"https:\/\/api.w.org\/{rel}","templated":true}]}}