{"id":42396,"date":"2026-09-03T17:01:49","date_gmt":"2026-09-03T17:01:49","guid":{"rendered":"https:\/\/www.abchukuk.com\/index.php\/2026\/09\/03\/mersin-adliyesinde-hizli-yargi-donemi-ilk-basvuru-alindi-ve-gecikmenin-kaynagi-icin-taraflar-masaya-cagrildi\/"},"modified":"2026-09-03T17:01:49","modified_gmt":"2026-09-03T17:01:49","slug":"mersin-adliyesinde-hizli-yargi-donemi-ilk-basvuru-alindi-ve-gecikmenin-kaynagi-icin-taraflar-masaya-cagrildi","status":"publish","type":"post","link":"https:\/\/www.abchukuk.com\/index.php\/2026\/09\/03\/mersin-adliyesinde-hizli-yargi-donemi-ilk-basvuru-alindi-ve-gecikmenin-kaynagi-icin-taraflar-masaya-cagrildi\/","title":{"rendered":"Mersin Adliyesi\u2019nde h\u0131zl\u0131 yarg\u0131 d\u00f6nemi: \u0130lk ba\u015fvuru al\u0131nd\u0131 ve gecikmenin kayna\u011f\u0131 i\u00e7in taraflar masaya \u00e7a\u011fr\u0131ld\u0131"},"content":{"rendered":"<p><strong>SON.TV\/MERS\u0130N<\/strong><\/p>\n<p><strong>Mersin Adliyesi<\/strong>\u2019nde yarg\u0131sal s\u00fcre\u00e7lerde ya\u015fanan gecikmelerin nedenlerini tespit etmek ve sorunlar\u0131n \u00e7\u00f6z\u00fcm\u00fcne y\u00f6nelik somut ad\u0131mlar atmak amac\u0131yla yeni bir d\u00f6nem ba\u015flad\u0131.<\/p>\n<p><strong>Mersin Adliyesi\u2019nin 3. kat\u0131nda hizmet verecek Yarg\u0131 Hizmetlerinin Etkinli\u011fi B\u00fcrosu, Cumhuriyet Ba\u015fsavc\u0131s\u0131 Yasin Emre ve Adalet Komisyonu Ba\u015fkan\u0131 Serdar Ceylan<\/strong> <strong>taraf\u0131ndan<\/strong> <strong>hizmete a\u00e7\u0131ld\u0131<\/strong>. <strong>A\u00e7\u0131l\u0131\u015f\u0131n ard\u0131ndan ilk dilek\u00e7enin kabul edilmesiyle b\u00fcro fiilen \u00e7al\u0131\u015fmalar\u0131na ba\u015flad\u0131.<\/strong><\/p>\n<p><img decoding=\"async\" class=\"alignnone size-medium wp-image-197610\" src=\"https:\/\/www.son.tv\/wp-content\/uploads\/2026\/09\/IMG_8569-300x162.png\" alt=\"\" width=\"300\" height=\"162\" \/><\/p>\n<p><strong>HUKUK MAHKEMELER\u0130 VE SAVCILIKTAN PERSONEL G\u00d6REVLEND\u0130R\u0130LD\u0130<\/strong><\/p>\n<p><strong>Yarg\u0131 Hizmetlerinin Etkinli\u011fi B\u00fcrosu<\/strong>\u2019nun \u00e7al\u0131\u015fmalar\u0131n\u0131 y\u00fcr\u00fctmek \u00fczere hukuk mahkemeleri ve Cumhuriyet Ba\u015fsavc\u0131l\u0131\u011f\u0131 b\u00fcnyesinden personel g\u00f6revlendirmeleri ger\u00e7ekle\u015ftirildi.<\/p>\n<p>B\u00fcronun temel \u00e7al\u0131\u015fma alan\u0131n\u0131, yarg\u0131sal s\u00fcre\u00e7lerde meydana gelen gecikmelerin hangi a\u015famada ve hangi nedenle ortaya \u00e7\u0131kt\u0131\u011f\u0131n\u0131n belirlenmesi olu\u015fturuyor.<\/p>\n<p><strong>\u0130LK M\u00dcRACAAT ALINDI<\/strong><\/p>\n<p>B\u00fcronun faaliyete ge\u00e7mesinin ard\u0131ndan ilk m\u00fcracaat da kabul edildi. Ba\u015fvuru kapsam\u0131nda ya\u015fanan gecikmenin hangi kurumdan kaynakland\u0131\u011f\u0131n\u0131n belirlenmesine y\u00f6nelik inceleme ger\u00e7ekle\u015ftirildi.<\/p>\n<p>Gecikmenin kayna\u011f\u0131n\u0131n tespit edilmesinin ard\u0131ndan ilgili kurum m\u00fcd\u00fcr\u00fc ile taraf vekillerinin, <strong>Mersin<\/strong> <strong>Cumhuriyet Ba\u015fsavc\u0131s\u0131 Yasin Emre ve Adalet Komisyonu Ba\u015fkan\u0131 Serdar Ceylan<\/strong> ba\u015fkanl\u0131\u011f\u0131nda ger\u00e7ekle\u015ftirilecek toplant\u0131ya davet edilmesi y\u00f6n\u00fcnde s\u00fcre\u00e7 i\u015fletildi.<\/p>\n<p><img decoding=\"async\" class=\"alignnone size-medium wp-image-197611\" src=\"https:\/\/www.son.tv\/wp-content\/uploads\/2026\/09\/IMG_8579-300x164.png\" alt=\"\" width=\"300\" height=\"164\" \/><\/p>\n<p><strong>GEC\u0130KME NEDEN\u0130 MASAYA YATIRILIYOR<\/strong><\/p>\n<p>Yeni sistemle yaln\u0131zca gecikmenin tespit edilmesi de\u011fil, gecikmeye yol a\u00e7an nedenin ortadan kald\u0131r\u0131lmas\u0131 da ama\u00e7lan\u0131yor.<\/p>\n<p>Bu kapsamda ilgili kurum temsilcileri ve taraflar\u0131n kat\u0131l\u0131m\u0131yla gecikmenin nedenleri de\u011ferlendirilecek. Sorunun giderilmesi amac\u0131yla ilgili kurum temsilcilerine s\u00fcre verilmesi ve yap\u0131lan i\u015flemlerin tutana\u011fa ba\u011flanmas\u0131 \u00f6ng\u00f6r\u00fcl\u00fcyor.<\/p>\n<p>B\u00f6ylece ba\u015fvuru konusu yarg\u0131sal s\u00fcre\u00e7te ya\u015fanan gecikmenin takip edilerek sona erdirilmesi hedefleniyor.<\/p>\n<p><strong>BA\u015eSAVCI EMRE: HIZLI VE ER\u0130\u015e\u0130LEB\u0130L\u0130R YARGI H\u0130ZMET\u0130 B\u00dcY\u00dcK \u00d6NEM TA\u015eIYOR<\/strong><\/p>\n<p><strong>Mersin Cumhuriyet Ba\u015fsavc\u0131s\u0131 Yasin Emre,<\/strong> b\u00fcronun a\u00e7\u0131l\u0131\u015f\u0131nda yapt\u0131\u011f\u0131 de\u011ferlendirmede, yarg\u0131 hizmetlerinin vatanda\u015flara daha h\u0131zl\u0131, etkin ve eri\u015filebilir \u015fekilde sunulmas\u0131n\u0131n \u00f6nemini vurgulad\u0131.<\/p>\n<p><strong>Emre<\/strong>, yarg\u0131sal s\u00fcre\u00e7lerde ya\u015fanan gecikmelerin hangi a\u015famalardan ve hangi nedenlerden kaynakland\u0131\u011f\u0131n\u0131n tespit edilmesi, mevcut sorunlar\u0131n ortaya \u00e7\u0131kar\u0131lmas\u0131 ve bunlar\u0131n giderilmesi i\u00e7in somut bir yol haritas\u0131 olu\u015fturulmas\u0131n\u0131n \u00f6nem ta\u015f\u0131d\u0131\u011f\u0131n\u0131 belirtti.<\/p>\n<p><strong>Ba\u015fsavc\u0131 Emre, Yarg\u0131 Hizmetlerinin Etkinli\u011fi B\u00fcrosu<\/strong>\u2019nun s\u00fcre\u00e7lerin yak\u0131ndan takip edilmesine ve hizmet kalitesinin art\u0131r\u0131lmas\u0131na katk\u0131 sa\u011flamas\u0131n\u0131n hedeflendi\u011fini ifade ederek b\u00fcronun <strong>Mersin Adliyesi<\/strong> ve vatanda\u015flar i\u00e7in hay\u0131rl\u0131 olmas\u0131n\u0131 diledi.<\/p>\n<p><img fetchpriority=\"high\" decoding=\"async\" class=\"alignnone size-medium wp-image-197612\" src=\"https:\/\/www.son.tv\/wp-content\/uploads\/2026\/09\/57F3BD94-8886-4054-8385-9E463147E77C-1-300x169.png\" alt=\"\" width=\"300\" height=\"169\" \/><\/p>\n<p><strong>CEYLAN: S\u00dcRE\u00c7LER S\u0130STEMAT\u0130K \u015eEK\u0130LDE DE\u011eERLEND\u0130R\u0130LECEK<\/strong><\/p>\n<p><strong>Mersin Adalet Komisyonu Ba\u015fkan\u0131 Serdar Ceylan<\/strong> da yarg\u0131 hizmetlerinde ya\u015fanan gecikmelerin nedenlerinin do\u011fru \u015fekilde belirlenmesinin \u00f6nemine dikkat \u00e7ekti.<\/p>\n<p><strong>Ceylan<\/strong>, gecikme nedenlerine y\u00f6nelik \u00e7\u00f6z\u00fcm \u00f6nerilerinin geli\u015ftirilmesi ve uygulamalar\u0131n sonu\u00e7lar\u0131n\u0131n takip edilmesinin etkin ve nitelikli yarg\u0131 hizmeti a\u00e7\u0131s\u0131ndan \u00f6nem ta\u015f\u0131d\u0131\u011f\u0131n\u0131 belirtti.<\/p>\n<p>Yeni b\u00fcro arac\u0131l\u0131\u011f\u0131yla s\u00fcre\u00e7lerin sistematik bi\u00e7imde de\u011ferlendirilmesi ve ihtiya\u00e7 duyulan alanlarda at\u0131lmas\u0131 gereken ad\u0131mlara ili\u015fkin bir yol haritas\u0131 olu\u015fturulmas\u0131 hedefleniyor.<\/p>\n<p><strong>GEC\u0130KMELER\u0130N NEDENLER\u0130 TEK TEK \u0130NCELENECEK<\/strong><\/p>\n<p><strong>Yarg\u0131 Hizmetlerinin Etkinli\u011fi B\u00fcrosu<\/strong>\u2019nun \u00e7al\u0131\u015fma sistemi, yaln\u0131zca vatanda\u015flardan gelen ba\u015fvurular\u0131n al\u0131nmas\u0131yla s\u0131n\u0131rl\u0131 olmayacak.<\/p>\n<p>Yarg\u0131sal s\u00fcre\u00e7lerde ortaya \u00e7\u0131kan gecikmelerin hangi a\u015famada meydana geldi\u011fi, s\u00fcre\u00e7lerin etkinli\u011fini olumsuz etkileyen hususlar ve sorunun giderilmesi i\u00e7in uygulanabilecek \u00e7\u00f6z\u00fcm yollar\u0131 de\u011ferlendirilecek.<\/p>\n<p>Al\u0131nan tedbirlerin sonu\u00e7lar\u0131 da takip edilerek yarg\u0131 hizmetlerinin daha h\u0131zl\u0131 ve verimli y\u00fcr\u00fct\u00fclmesine y\u00f6nelik \u00e7al\u0131\u015fmalar koordineli \u015fekilde s\u00fcrd\u00fcr\u00fclecek.<\/p>\n<p><strong>YARGIDA ETK\u0130NL\u0130K \u0130\u00c7\u0130N YEN\u0130 MODEL<\/strong><\/p>\n<p><strong>Yarg\u0131 Hizmetlerinin Etkinli\u011fi B\u00fcrolar\u0131,<\/strong> yarg\u0131lama s\u00fcre\u00e7lerinin ve uygulamada ortaya \u00e7\u0131kan sorunlar\u0131n takip edilmesi amac\u0131yla olu\u015fturulan yeni yap\u0131n\u0131n bir par\u00e7as\u0131 olarak faaliyet g\u00f6steriyor.<\/p>\n<p>B\u00fcrolar\u0131n g\u00f6revleri aras\u0131nda gecikmelere ili\u015fkin ba\u015fvurular\u0131n incelenmesi, yarg\u0131 hizmetlerinin etkinli\u011fine ili\u015fkin verilerin de\u011ferlendirilmesi, mahkeme ve savc\u0131l\u0131klar\u0131n s\u00fcre\u00e7lerinin takip edilmesi ve ilgili kurumlarla koordinasyon sa\u011flanmas\u0131 bulunuyor.<\/p>\n<p><strong>Mersin Adliyesi\u2019<\/strong>nde de ilk dilek\u00e7enin al\u0131nmas\u0131yla birlikte sistem fiilen \u00e7al\u0131\u015fmaya ba\u015flad\u0131.<\/p>\n<p><strong>ET\u0130KETLER:<\/strong><br \/>\n<strong>#Mersin #MersinAdliyesi #YasinEmre #SerdarCeylan #Yarg\u0131HizmetlerininEtkinli\u011fiB\u00fcrosu #Yarg\u0131 #Adalet #Adliye #H\u0131zl\u0131Yarg\u0131 #Yarg\u0131Hizmetleri<\/strong><\/p>\n<p>Yarg\u0131 hizmetlerinin daha h\u0131zl\u0131, etkin ve eri\u015filebilir sunulmas\u0131 amac\u0131yla olu\u015fturulan Yarg\u0131 Hizmetlerinin Etkinli\u011fi B\u00fcrosu, Mersin Adliyesi\u2019nde faaliyete ge\u00e7ti. Cumhuriyet Ba\u015fsavc\u0131s\u0131 Yasin Emre ile Adalet Komisyonu Ba\u015fkan\u0131 Serdar Ceylan taraf\u0131ndan a\u00e7\u0131lan b\u00fcroda ilk dilek\u00e7e kabul edilirken, ba\u015fvurudaki gecikmenin kayna\u011f\u0131n\u0131n belirlenmesine y\u00f6nelik s\u00fcre\u00e7 de ba\u015flat\u0131ld\u0131.\u00a0<a href=\"https:\/\/www.son.tv\/mersin-adliyesinde-hizli-yargi-donemi-ilk-basvuru-alindi-ve-gecikmenin-kaynagi-icin-taraflar-masaya-cagrildi\/\" target=\"_blank\" class=\"feedzy-rss-link-icon\">Read More<\/a><\/p>","protected":false},"excerpt":{"rendered":"<p>SON.TV\/MERS\u0130N Mersin Adliyesi\u2019nde yarg\u0131sal s\u00fcre\u00e7lerde ya\u015fanan gecikmelerin nedenlerini tespit etmek ve sorunlar\u0131n \u00e7\u00f6z\u00fcm\u00fcne y\u00f6nelik somut ad\u0131mlar atmak amac\u0131yla yeni bir d\u00f6nem ba\u015flad\u0131. Mersin Adliyesi\u2019nin 3. kat\u0131nda hizmet verecek Yarg\u0131 Hizmetlerinin Etkinli\u011fi B\u00fcrosu, Cumhuriyet Ba\u015fsavc\u0131s\u0131 Yasin Emre ve Adalet Komisyonu Ba\u015fkan\u0131 Serdar Ceylan taraf\u0131ndan hizmete a\u00e7\u0131ld\u0131. A\u00e7\u0131l\u0131\u015f\u0131n ard\u0131ndan ilk dilek\u00e7enin kabul edilmesiyle b\u00fcro fiilen \u00e7al\u0131\u015fmalar\u0131na ba\u015flad\u0131. [&hellip;]<\/p>\n","protected":false},"author":1,"featured_media":42397,"comment_status":"open","ping_status":"open","sticky":false,"template":"","format":"standard","meta":{"footnotes":"","_links_to":"","_links_to_target":""},"categories":[1],"tags":[],"class_list":["post-42396","post","type-post","status-publish","format-standard","has-post-thumbnail","hentry","category-haberler"],"_links":{"self":[{"href":"https:\/\/www.abchukuk.com\/index.php\/wp-json\/wp\/v2\/posts\/42396","targetHints":{"allow":["GET"]}}],"collection":[{"href":"https:\/\/www.abchukuk.com\/index.php\/wp-json\/wp\/v2\/posts"}],"about":[{"href":"https:\/\/www.abchukuk.com\/index.php\/wp-json\/wp\/v2\/types\/post"}],"author":[{"embeddable":true,"href":"https:\/\/www.abchukuk.com\/index.php\/wp-json\/wp\/v2\/users\/1"}],"replies":[{"embeddable":true,"href":"https:\/\/www.abchukuk.com\/index.php\/wp-json\/wp\/v2\/comments?post=42396"}],"version-history":[{"count":0,"href":"https:\/\/www.abchukuk.com\/index.php\/wp-json\/wp\/v2\/posts\/42396\/revisions"}],"wp:featuredmedia":[{"embeddable":true,"href":"https:\/\/www.abchukuk.com\/index.php\/wp-json\/wp\/v2\/media\/42397"}],"wp:attachment":[{"href":"https:\/\/www.abchukuk.com\/index.php\/wp-json\/wp\/v2\/media?parent=42396"}],"wp:term":[{"taxonomy":"category","embeddable":true,"href":"https:\/\/www.abchukuk.com\/index.php\/wp-json\/wp\/v2\/categories?post=42396"},{"taxonomy":"post_tag","embeddable":true,"href":"https:\/\/www.abchukuk.com\/index.php\/wp-json\/wp\/v2\/tags?post=42396"}],"curies":[{"name":"wp","href":"https:\/\/api.w.org\/{rel}","templated":true}]}}