{"id":42393,"date":"2026-09-03T17:25:00","date_gmt":"2026-09-03T17:25:00","guid":{"rendered":"https:\/\/www.abchukuk.com\/index.php\/2026\/09\/03\/yuregirde-baskanvekili-secimi-iki-kez-chpnin-adayi-kazandi-belediye-yargi-yoluyla-akpye-gecti\/"},"modified":"2026-09-03T17:25:00","modified_gmt":"2026-09-03T17:25:00","slug":"yuregirde-baskanvekili-secimi-iki-kez-chpnin-adayi-kazandi-belediye-yargi-yoluyla-akpye-gecti","status":"publish","type":"post","link":"https:\/\/www.abchukuk.com\/index.php\/2026\/09\/03\/yuregirde-baskanvekili-secimi-iki-kez-chpnin-adayi-kazandi-belediye-yargi-yoluyla-akpye-gecti\/","title":{"rendered":"Y\u00fcre\u011fir&#8217;de ba\u015fkanvekili se\u00e7imi&#8230; \u0130ki kez CHP&#8217;nin aday\u0131 kazand\u0131: Belediye &#8216;yarg\u0131 yoluyla&#8217; AKP&#8217;ye ge\u00e7ti"},"content":{"rendered":"<p>Adana\u2019da g\u00f6revden uzakla\u015ft\u0131r\u0131lan Y\u00fcre\u011fir Belediye Ba\u015fkan\u0131 Ali Demir\u00e7al\u0131\u2019n\u0131n yerine vekalet edecek isim konusunda ya\u015fanan se\u00e7im ve yarg\u0131 s\u00fcreci sonu\u00e7land\u0131. Belediye meclisinde iki kez CHP\u2019li Cafer Boyraz\u2019\u0131n se\u00e7ilmesinin ard\u0131ndan yap\u0131lan itiraz\u0131 de\u011ferlendiren mahkeme, ba\u015fkan vekilli\u011fi g\u00f6revini AKP\u2019nin aday\u0131 Tar\u0131k \u00d6z\u00fcnal\u2019a verdi.Adana\u2019da g\u00f6revden uzakla\u015ft\u0131r\u0131lan Y\u00fcre\u011fir Belediye Ba\u015fkan\u0131 Ali Demir\u00e7al\u0131\u2019n\u0131n yerine vekalet edecek isim konusunda ya\u015fanan se\u00e7im ve yarg\u0131 s\u00fcreci sonu\u00e7land\u0131. Belediye meclisinde iki kez CHP\u2019li Cafer Boyraz\u2019\u0131n se\u00e7ilmesinin ard\u0131ndan yap\u0131lan itiraz\u0131 de\u011ferlendiren mahkeme, ba\u015fkan vekilli\u011fi g\u00f6revini AKP\u2019nin aday\u0131 Tar\u0131k \u00d6z\u00fcnal\u2019a verdi.\u00a0<a href=\"https:\/\/www.cumhuriyet.com.tr\/turkiye\/yuregir-de-baskanvekili-secimi-iki-kez-chp-nin-adayi-kazandi-belediye-yargi-yoluyla-akp-ye-gecti-2534706\" target=\"_blank\" class=\"feedzy-rss-link-icon\">Read More<\/a><\/p>","protected":false},"excerpt":{"rendered":"<p>Adana\u2019da g\u00f6revden uzakla\u015ft\u0131r\u0131lan Y\u00fcre\u011fir Belediye Ba\u015fkan\u0131 Ali Demir\u00e7al\u0131\u2019n\u0131n yerine vekalet edecek isim konusunda ya\u015fanan se\u00e7im ve yarg\u0131 s\u00fcreci sonu\u00e7land\u0131. Belediye meclisinde iki kez CHP\u2019li Cafer Boyraz\u2019\u0131n se\u00e7ilmesinin ard\u0131ndan yap\u0131lan itiraz\u0131 de\u011ferlendiren mahkeme, ba\u015fkan vekilli\u011fi g\u00f6revini AKP\u2019nin aday\u0131 Tar\u0131k \u00d6z\u00fcnal\u2019a verdi.Adana\u2019da g\u00f6revden uzakla\u015ft\u0131r\u0131lan Y\u00fcre\u011fir Belediye Ba\u015fkan\u0131 Ali Demir\u00e7al\u0131\u2019n\u0131n yerine vekalet edecek isim konusunda ya\u015fanan se\u00e7im ve [&hellip;]<\/p>\n","protected":false},"author":1,"featured_media":42394,"comment_status":"open","ping_status":"open","sticky":false,"template":"","format":"standard","meta":{"footnotes":"","_links_to":"","_links_to_target":""},"categories":[1],"tags":[],"class_list":["post-42393","post","type-post","status-publish","format-standard","has-post-thumbnail","hentry","category-haberler"],"_links":{"self":[{"href":"https:\/\/www.abchukuk.com\/index.php\/wp-json\/wp\/v2\/posts\/42393","targetHints":{"allow":["GET"]}}],"collection":[{"href":"https:\/\/www.abchukuk.com\/index.php\/wp-json\/wp\/v2\/posts"}],"about":[{"href":"https:\/\/www.abchukuk.com\/index.php\/wp-json\/wp\/v2\/types\/post"}],"author":[{"embeddable":true,"href":"https:\/\/www.abchukuk.com\/index.php\/wp-json\/wp\/v2\/users\/1"}],"replies":[{"embeddable":true,"href":"https:\/\/www.abchukuk.com\/index.php\/wp-json\/wp\/v2\/comments?post=42393"}],"version-history":[{"count":0,"href":"https:\/\/www.abchukuk.com\/index.php\/wp-json\/wp\/v2\/posts\/42393\/revisions"}],"wp:featuredmedia":[{"embeddable":true,"href":"https:\/\/www.abchukuk.com\/index.php\/wp-json\/wp\/v2\/media\/42394"}],"wp:attachment":[{"href":"https:\/\/www.abchukuk.com\/index.php\/wp-json\/wp\/v2\/media?parent=42393"}],"wp:term":[{"taxonomy":"category","embeddable":true,"href":"https:\/\/www.abchukuk.com\/index.php\/wp-json\/wp\/v2\/categories?post=42393"},{"taxonomy":"post_tag","embeddable":true,"href":"https:\/\/www.abchukuk.com\/index.php\/wp-json\/wp\/v2\/tags?post=42393"}],"curies":[{"name":"wp","href":"https:\/\/api.w.org\/{rel}","templated":true}]}}