{"id":42384,"date":"2026-09-03T15:08:24","date_gmt":"2026-09-03T15:08:24","guid":{"rendered":"https:\/\/www.abchukuk.com\/index.php\/2026\/09\/03\/adalet-bakani-akin-gurlek-yeni-adli-yilin-ilk-hsk-genel-kuruluna-baskanlik-etti\/"},"modified":"2026-09-03T15:08:24","modified_gmt":"2026-09-03T15:08:24","slug":"adalet-bakani-akin-gurlek-yeni-adli-yilin-ilk-hsk-genel-kuruluna-baskanlik-etti","status":"publish","type":"post","link":"https:\/\/www.abchukuk.com\/index.php\/2026\/09\/03\/adalet-bakani-akin-gurlek-yeni-adli-yilin-ilk-hsk-genel-kuruluna-baskanlik-etti\/","title":{"rendered":"Adalet Bakan\u0131 Ak\u0131n G\u00fcrlek yeni adli y\u0131l\u0131n ilk HSK Genel Kurulu\u2019na ba\u015fkanl\u0131k etti"},"content":{"rendered":"<p><strong>SON.TV\/ANKARA<\/strong><\/p>\n<p><strong>2026-2027 Adli Y\u0131l\u0131<\/strong>\u2019n\u0131n ba\u015flamas\u0131n\u0131n ard\u0131ndan <strong>H\u00e2kimler ve Savc\u0131lar Kurulu Genel Kurulu<\/strong> ilk toplant\u0131s\u0131n\u0131 ger\u00e7ekle\u015ftirdi. <strong>HSK<\/strong> binas\u0131nda yap\u0131lan toplant\u0131ya <strong>Adalet Bakan\u0131 ve HSK Ba\u015fkan\u0131 Ak\u0131n G\u00fcrlek<\/strong> ba\u015fkanl\u0131k etti.<\/p>\n<p><img fetchpriority=\"high\" decoding=\"async\" class=\"alignnone size-medium wp-image-197598\" src=\"https:\/\/www.son.tv\/wp-content\/uploads\/2026\/09\/7d229e61-714e-4f81-a3d1-b60c1c1f2b2c-300x200.jpeg\" alt=\"\" width=\"300\" height=\"200\" \/><\/p>\n<p><strong>YEN\u0130 ADL\u0130 YILIN \u0130LK GENEL KURULU<\/strong><\/p>\n<p><strong>HSK Genel Kurulu,<\/strong> yeni adli y\u0131l\u0131n ba\u015flamas\u0131n\u0131n ard\u0131ndan Kurulun g\u00fcndemindeki ba\u015fl\u0131klar\u0131 g\u00f6r\u00fc\u015fmek \u00fczere bir araya geldi.<\/p>\n<p><strong>Adalet Bakan\u0131 ve HSK Ba\u015fkan\u0131 Ak\u0131n G\u00fcrlek<\/strong>\u2019in ba\u015fkanl\u0131k etti\u011fi toplant\u0131da, yarg\u0131 hizmetlerinin i\u015fleyi\u015fine ili\u015fkin \u00e7al\u0131\u015fmalar kapsaml\u0131 \u015fekilde de\u011ferlendirildi.<\/p>\n<p><img decoding=\"async\" class=\"alignnone size-medium wp-image-197603\" src=\"https:\/\/www.son.tv\/wp-content\/uploads\/2026\/09\/0c0dc98f-03a3-444b-b659-8faf2c677da2-200x300.jpeg\" alt=\"\" width=\"200\" height=\"300\" \/><\/p>\n<p><strong>YARGI H\u0130ZMETLER\u0130 MASAYA YATIRILDI<\/strong><\/p>\n<p>Genel Kurul toplant\u0131s\u0131nda \u00f6zellikle yarg\u0131 hizmetlerinin daha etkin ve verimli \u015fekilde y\u00fcr\u00fct\u00fclmesine y\u00f6nelik \u00e7al\u0131\u015fmalar ele al\u0131nd\u0131.<\/p>\n<p>Yarg\u0131n\u0131n g\u00fcnl\u00fck i\u015fleyi\u015finin h\u0131zland\u0131r\u0131lmas\u0131, hizmetlerin etkinli\u011finin art\u0131r\u0131lmas\u0131 ve adalet hizmetlerinin daha verimli y\u00fcr\u00fct\u00fclmesine ili\u015fkin \u00e7al\u0131\u015fmalar da Genel Kurulun g\u00fcndeminde yer ald\u0131.<\/p>\n<p><strong>HSK\u2019NIN G\u00dcNDEM\u0130NDEK\u0130 KONULAR G\u00d6R\u00dc\u015e\u00dcLD\u00dc<\/strong><\/p>\n<p>Toplant\u0131da ayr\u0131ca <strong>H\u00e2kimler ve Savc\u0131lar Kurulu<\/strong>nun g\u00fcndeminde bulunan konular g\u00f6r\u00fc\u015f\u00fcld\u00fc.<\/p>\n<p>Kurulun g\u00f6rev ve yetki alan\u0131na giren g\u00fcndem maddeleri Genel Kurul \u00fcyelerinin kat\u0131l\u0131m\u0131yla de\u011ferlendirildi.<\/p>\n<p><strong>AYDO\u011eDU VE KULO\u011eLU DA TOPLANTIYA KATILDI<\/strong><\/p>\n<p><strong>HSK binas\u0131nda ger\u00e7ekle\u015ftirilen Genel Kurul toplant\u0131s\u0131na HSK Ba\u015fkan Vekili ve \u0130kinci Daire Ba\u015fkan\u0131 Fuzuli Aydo\u011fdu, HSK Birinci Daire Ba\u015fkan\u0131 Turan Kulo\u011flu ile Kurul \u00fcyeleri kat\u0131ld\u0131.<\/strong><\/p>\n<p>\u00a0<\/p>\n<p><strong><img decoding=\"async\" class=\"alignnone size-medium wp-image-197604\" src=\"https:\/\/www.son.tv\/wp-content\/uploads\/2026\/09\/96fa876c-a5fd-440e-b11f-9a7e6696d4a5-1-200x300.jpeg\" alt=\"\" width=\"200\" height=\"300\" \/><\/strong><\/p>\n<p><strong>G\u00dcRLEK HSK BA\u015eKANI SIFATIYLA TOPLANTIYI Y\u00d6NETT\u0130<\/strong><\/p>\n<p><strong>Adalet Bakan\u0131 Ak\u0131n G\u00fcrlek, HSK Ba\u015fkan\u0131 s\u0131fat\u0131yla Genel Kurul toplant\u0131s\u0131na ba\u015fkanl\u0131k etti.<\/strong><\/p>\n<p><strong>G\u00fcrlek, Adalet Bakanl\u0131\u011f\u0131<\/strong> g\u00f6revine ba\u015flamas\u0131n\u0131n ard\u0131ndan 12 \u015eubat 2026\u2019da da <strong>HSK Genel Kurulu\u2019<\/strong>na ilk kez ba\u015fkanl\u0131k etmi\u015fti. Yeni adli y\u0131l\u0131n ba\u015flamas\u0131n\u0131n ard\u0131ndan ger\u00e7ekle\u015ftirilen toplant\u0131 ise 2026-2027 Adli Y\u0131l\u0131\u2019n\u0131n ilk <strong>HSK Genel Kurulu<\/strong> toplant\u0131s\u0131 oldu.<\/p>\n<p><strong><img loading=\"lazy\" decoding=\"async\" loading=\"lazy\" class=\"alignnone size-medium wp-image-197606\" src=\"https:\/\/www.son.tv\/wp-content\/uploads\/2026\/09\/4f4ce129-d696-43f0-a3be-7e071847af5c-1-300x200.jpeg\" alt=\"\" width=\"300\" height=\"200\" \/><\/strong><\/p>\n<p><strong>BASINA KAPALI GER\u00c7EKLE\u015eT\u0130R\u0130LD\u0130<\/strong><\/p>\n<p><strong>HSK Genel Kurulu<\/strong> toplant\u0131s\u0131 bas\u0131na kapal\u0131 ger\u00e7ekle\u015ftirildi.<\/p>\n<p>Toplant\u0131n\u0131n ard\u0131ndan yap\u0131lan bilgilendirmede, yarg\u0131 hizmetlerinin daha etkin ve verimli y\u00fcr\u00fct\u00fclmesine y\u00f6nelik \u00e7al\u0131\u015fmalar ile <strong>HSK\u2019<\/strong>n\u0131n g\u00fcndeminde yer alan konular\u0131n ele al\u0131nd\u0131\u011f\u0131 belirtildi.<\/p>\n<p><strong>ET\u0130KETLER: #Ak\u0131nG\u00fcrlek #HSK #H\u00e2kimlerveSavc\u0131larKurulu #FuzuliAydo\u011fdu #TuranKulo\u011flu #AdaletBakanl\u0131\u011f\u0131 #Yarg\u0131 #AdliY\u0131l #HSKGenelKurulu<\/strong><\/p>\n<p>H\u00e2kimler ve Savc\u0131lar Kurulu (HSK) Genel Kurulu, Adalet Bakan\u0131 ve HSK Ba\u015fkan\u0131 Ak\u0131n G\u00fcrlek\u2019in ba\u015fkanl\u0131\u011f\u0131nda topland\u0131. 2026-2027 Adli Y\u0131l\u0131\u2019n\u0131n ilk HSK Genel Kurulu toplant\u0131s\u0131nda yarg\u0131 hizmetlerinin daha etkin ve verimli y\u00fcr\u00fct\u00fclmesine y\u00f6nelik \u00e7al\u0131\u015fmalar ile Kurulun g\u00fcndeminde bulunan konular ele al\u0131nd\u0131. Toplant\u0131 bas\u0131na kapal\u0131 ger\u00e7ekle\u015ftirildi.\u00a0<a href=\"https:\/\/www.son.tv\/adalet-bakani-akin-gurlek-yeni-adli-yilin-ilk-hsk-genel-kuruluna-baskanlik-etti\/\" target=\"_blank\" class=\"feedzy-rss-link-icon\">Read More<\/a><\/p>","protected":false},"excerpt":{"rendered":"<p>SON.TV\/ANKARA 2026-2027 Adli Y\u0131l\u0131\u2019n\u0131n ba\u015flamas\u0131n\u0131n ard\u0131ndan H\u00e2kimler ve Savc\u0131lar Kurulu Genel Kurulu ilk toplant\u0131s\u0131n\u0131 ger\u00e7ekle\u015ftirdi. HSK binas\u0131nda yap\u0131lan toplant\u0131ya Adalet Bakan\u0131 ve HSK Ba\u015fkan\u0131 Ak\u0131n G\u00fcrlek ba\u015fkanl\u0131k etti. YEN\u0130 ADL\u0130 YILIN \u0130LK GENEL KURULU HSK Genel Kurulu, yeni adli y\u0131l\u0131n ba\u015flamas\u0131n\u0131n ard\u0131ndan Kurulun g\u00fcndemindeki ba\u015fl\u0131klar\u0131 g\u00f6r\u00fc\u015fmek \u00fczere bir araya geldi. Adalet Bakan\u0131 ve HSK Ba\u015fkan\u0131 [&hellip;]<\/p>\n","protected":false},"author":1,"featured_media":42385,"comment_status":"open","ping_status":"open","sticky":false,"template":"","format":"standard","meta":{"footnotes":"","_links_to":"","_links_to_target":""},"categories":[1],"tags":[],"class_list":["post-42384","post","type-post","status-publish","format-standard","has-post-thumbnail","hentry","category-haberler"],"_links":{"self":[{"href":"https:\/\/www.abchukuk.com\/index.php\/wp-json\/wp\/v2\/posts\/42384","targetHints":{"allow":["GET"]}}],"collection":[{"href":"https:\/\/www.abchukuk.com\/index.php\/wp-json\/wp\/v2\/posts"}],"about":[{"href":"https:\/\/www.abchukuk.com\/index.php\/wp-json\/wp\/v2\/types\/post"}],"author":[{"embeddable":true,"href":"https:\/\/www.abchukuk.com\/index.php\/wp-json\/wp\/v2\/users\/1"}],"replies":[{"embeddable":true,"href":"https:\/\/www.abchukuk.com\/index.php\/wp-json\/wp\/v2\/comments?post=42384"}],"version-history":[{"count":0,"href":"https:\/\/www.abchukuk.com\/index.php\/wp-json\/wp\/v2\/posts\/42384\/revisions"}],"wp:featuredmedia":[{"embeddable":true,"href":"https:\/\/www.abchukuk.com\/index.php\/wp-json\/wp\/v2\/media\/42385"}],"wp:attachment":[{"href":"https:\/\/www.abchukuk.com\/index.php\/wp-json\/wp\/v2\/media?parent=42384"}],"wp:term":[{"taxonomy":"category","embeddable":true,"href":"https:\/\/www.abchukuk.com\/index.php\/wp-json\/wp\/v2\/categories?post=42384"},{"taxonomy":"post_tag","embeddable":true,"href":"https:\/\/www.abchukuk.com\/index.php\/wp-json\/wp\/v2\/tags?post=42384"}],"curies":[{"name":"wp","href":"https:\/\/api.w.org\/{rel}","templated":true}]}}