{"id":42380,"date":"2026-09-03T15:30:00","date_gmt":"2026-09-03T15:30:00","guid":{"rendered":"https:\/\/www.abchukuk.com\/index.php\/2026\/09\/03\/muglada-cimento-fabrikasina-karsi-adalet-nobeti-baslatildi\/"},"modified":"2026-09-03T15:30:00","modified_gmt":"2026-09-03T15:30:00","slug":"muglada-cimento-fabrikasina-karsi-adalet-nobeti-baslatildi","status":"publish","type":"post","link":"https:\/\/www.abchukuk.com\/index.php\/2026\/09\/03\/muglada-cimento-fabrikasina-karsi-adalet-nobeti-baslatildi\/","title":{"rendered":"Mu\u011fla\u2019da \u00e7imento fabrikas\u0131na kar\u015f\u0131 &#8216;Adalet N\u00f6beti&#8217; ba\u015flat\u0131ld\u0131"},"content":{"rendered":"<p>Mu\u011fla\u2019n\u0131n Mente\u015fe il\u00e7esine ba\u011fl\u0131 Bay\u0131r Mahallesi ile Yata\u011fan\u2019\u0131n De\u015ftin Mahallesi\u2019nin ortak s\u0131n\u0131r\u0131nda yap\u0131lmas\u0131 planlanan entegre \u00e7imento fabrikas\u0131na kar\u015f\u0131 m\u00fccadele eden b\u00f6lge halk\u0131, Mu\u011fla \u0130dare Mahkemesi \u00f6n\u00fcnde \u201cAdalet N\u00f6beti\u201d ba\u015flatt\u0131.Mu\u011fla\u2019n\u0131n Mente\u015fe il\u00e7esine ba\u011fl\u0131 Bay\u0131r Mahallesi ile Yata\u011fan\u2019\u0131n De\u015ftin Mahallesi\u2019nin ortak s\u0131n\u0131r\u0131nda yap\u0131lmas\u0131 planlanan entegre \u00e7imento fabrikas\u0131na kar\u015f\u0131 m\u00fccadele eden b\u00f6lge halk\u0131, Mu\u011fla \u0130dare Mahkemesi \u00f6n\u00fcnde \u201cAdalet N\u00f6beti\u201d ba\u015flatt\u0131.\u00a0<a href=\"https:\/\/www.cumhuriyet.com.tr\/cevre\/mugla-da-cimento-fabrikasina-karsi-adalet-nobeti-baslatildi-2534678\" target=\"_blank\" class=\"feedzy-rss-link-icon\">Read More<\/a><\/p>","protected":false},"excerpt":{"rendered":"<p>Mu\u011fla\u2019n\u0131n Mente\u015fe il\u00e7esine ba\u011fl\u0131 Bay\u0131r Mahallesi ile Yata\u011fan\u2019\u0131n De\u015ftin Mahallesi\u2019nin ortak s\u0131n\u0131r\u0131nda yap\u0131lmas\u0131 planlanan entegre \u00e7imento fabrikas\u0131na kar\u015f\u0131 m\u00fccadele eden b\u00f6lge halk\u0131, Mu\u011fla \u0130dare Mahkemesi \u00f6n\u00fcnde \u201cAdalet N\u00f6beti\u201d ba\u015flatt\u0131.Mu\u011fla\u2019n\u0131n Mente\u015fe il\u00e7esine ba\u011fl\u0131 Bay\u0131r Mahallesi ile Yata\u011fan\u2019\u0131n De\u015ftin Mahallesi\u2019nin ortak s\u0131n\u0131r\u0131nda yap\u0131lmas\u0131 planlanan entegre \u00e7imento fabrikas\u0131na kar\u015f\u0131 m\u00fccadele eden b\u00f6lge halk\u0131, Mu\u011fla \u0130dare Mahkemesi \u00f6n\u00fcnde \u201cAdalet [&hellip;]<\/p>\n","protected":false},"author":1,"featured_media":42381,"comment_status":"open","ping_status":"open","sticky":false,"template":"","format":"standard","meta":{"footnotes":"","_links_to":"","_links_to_target":""},"categories":[1],"tags":[],"class_list":["post-42380","post","type-post","status-publish","format-standard","has-post-thumbnail","hentry","category-haberler"],"_links":{"self":[{"href":"https:\/\/www.abchukuk.com\/index.php\/wp-json\/wp\/v2\/posts\/42380","targetHints":{"allow":["GET"]}}],"collection":[{"href":"https:\/\/www.abchukuk.com\/index.php\/wp-json\/wp\/v2\/posts"}],"about":[{"href":"https:\/\/www.abchukuk.com\/index.php\/wp-json\/wp\/v2\/types\/post"}],"author":[{"embeddable":true,"href":"https:\/\/www.abchukuk.com\/index.php\/wp-json\/wp\/v2\/users\/1"}],"replies":[{"embeddable":true,"href":"https:\/\/www.abchukuk.com\/index.php\/wp-json\/wp\/v2\/comments?post=42380"}],"version-history":[{"count":0,"href":"https:\/\/www.abchukuk.com\/index.php\/wp-json\/wp\/v2\/posts\/42380\/revisions"}],"wp:featuredmedia":[{"embeddable":true,"href":"https:\/\/www.abchukuk.com\/index.php\/wp-json\/wp\/v2\/media\/42381"}],"wp:attachment":[{"href":"https:\/\/www.abchukuk.com\/index.php\/wp-json\/wp\/v2\/media?parent=42380"}],"wp:term":[{"taxonomy":"category","embeddable":true,"href":"https:\/\/www.abchukuk.com\/index.php\/wp-json\/wp\/v2\/categories?post=42380"},{"taxonomy":"post_tag","embeddable":true,"href":"https:\/\/www.abchukuk.com\/index.php\/wp-json\/wp\/v2\/tags?post=42380"}],"curies":[{"name":"wp","href":"https:\/\/api.w.org\/{rel}","templated":true}]}}