{"id":42379,"date":"2026-09-03T15:36:22","date_gmt":"2026-09-03T15:36:22","guid":{"rendered":"https:\/\/www.abchukuk.com\/index.php\/2026\/09\/03\/arif-ahmet-denizolgun-sorusturmasinda-ilk-gozalti-doktoru-yalan-tanikliktan-yakalandi\/"},"modified":"2026-09-03T15:36:22","modified_gmt":"2026-09-03T15:36:22","slug":"arif-ahmet-denizolgun-sorusturmasinda-ilk-gozalti-doktoru-yalan-tanikliktan-yakalandi","status":"publish","type":"post","link":"https:\/\/www.abchukuk.com\/index.php\/2026\/09\/03\/arif-ahmet-denizolgun-sorusturmasinda-ilk-gozalti-doktoru-yalan-tanikliktan-yakalandi\/","title":{"rendered":"Arif Ahmet Denizolgun soru\u015fturmas\u0131nda ilk g\u00f6zalt\u0131: Doktoru yalan tan\u0131kl\u0131ktan yakaland\u0131"},"content":{"rendered":"<p>\u00a0<\/p>\n<p><strong>SON.TV\/\u0130STANBUL<\/strong><\/p>\n<p><strong>Ula\u015ft\u0131rma eski Bakan\u0131 Arif Ahmet Denizolgun<\/strong>\u2019un 2016 y\u0131l\u0131nda ger\u00e7ekle\u015fen \u00f6l\u00fcm\u00fcn\u00fcn yeniden mercek alt\u0131na al\u0131nmas\u0131n\u0131n ard\u0131ndan y\u00fcr\u00fct\u00fclen soru\u015fturma yeni bir a\u015famaya ge\u00e7ti.<\/p>\n<p><strong>Bak\u0131rk\u00f6y Cumhuriyet Ba\u015fsavc\u0131l\u0131\u011f\u0131 \u00d6rg\u00fctl\u00fc Su\u00e7lar B\u00fcrosu\u2019nun y\u00fcr\u00fctt\u00fc\u011f\u00fc soru\u015fturmada ilk g\u00f6zalt\u0131 i\u015flemi ger\u00e7ekle\u015ftirildi.<\/strong><\/p>\n<p><strong>DEN\u0130ZOLGUN\u2019UN DOKTORU G\u00d6ZALTINDA<\/strong><\/p>\n<p>Soru\u015fturma kapsam\u0131nda <strong>Arif Ahmet Denizolgun<\/strong>\u2019un doktoru <strong>N.D.,<\/strong> <strong>\u0130stanbul \u0130l Emniyet M\u00fcd\u00fcrl\u00fc\u011f\u00fc<\/strong> ekipleri taraf\u0131ndan g\u00f6zalt\u0131na al\u0131nd\u0131.<\/p>\n<p><strong>N.D<\/strong>.\u2019nin <strong>Hisar Hastanesi\u2019<\/strong>nde bulundu\u011fu s\u0131rada g\u00f6zalt\u0131na al\u0131nd\u0131\u011f\u0131 \u00f6\u011frenildi.<\/p>\n<p><strong>Doktor N.D.<\/strong> hakk\u0131nda g\u00f6zalt\u0131 karar\u0131n\u0131n ilk etapta \u201c<strong>yalan tan\u0131kl\u0131k\u201d<\/strong> su\u00e7lamas\u0131 kapsam\u0131nda uyguland\u0131\u011f\u0131 belirtildi.<\/p>\n<p><strong>DAHA \u00d6NCE TANIK OLARAK \u0130FADE VERM\u0130\u015eT\u0130<\/strong><\/p>\n<p><strong>N.D.<\/strong>\u2019nin <strong>Denizolgun<\/strong>\u2019un \u00f6l\u00fcm\u00fcne ili\u015fkin y\u00fcr\u00fct\u00fclen soru\u015fturmada daha \u00f6nce tan\u0131k s\u0131fat\u0131yla ifade verdi\u011fi \u00f6\u011frenildi.<\/p>\n<p>Soru\u015fturman\u0131n ilerleyen a\u015famalar\u0131nda elde edilen bilgi ve deliller do\u011frultusunda <strong>N.D<\/strong>.\u2019nin verdi\u011fi ifadelerin yeniden de\u011ferlendirmeye al\u0131nd\u0131\u011f\u0131, bunun ard\u0131ndan hakk\u0131nda \u201c<strong>yalan tan\u0131kl\u0131k\u201d<\/strong> kapsam\u0131nda i\u015flem yap\u0131ld\u0131\u011f\u0131 belirtildi.<\/p>\n<p><strong>N.D<\/strong>.\u2019nin emniyetteki i\u015flemleri devam ediyor.<\/p>\n<p><strong>YARIN DOSYA SAVCISININ KAR\u015eISINA \u00c7IKACAK<\/strong><\/p>\n<p>Emniyetteki i\u015flemlerinin tamamlanmas\u0131n\u0131n ard\u0131ndan <strong>N.D.<\/strong>\u2019nin yar\u0131n <strong>Bak\u0131rk\u00f6y Adliyesi<\/strong>\u2019ne sevk edilmesi bekleniyor.<\/p>\n<p>N.<strong>D., Bak\u0131rk\u00f6y Cumhuriyet Ba\u015fsavc\u0131l\u0131\u011f\u0131 \u00d6rg\u00fctl\u00fc Su\u00e7lar B\u00fcrosu<\/strong>\u2019nda soru\u015fturmay\u0131 y\u00fcr\u00fcten dosya savc\u0131s\u0131na ifade verecek.<\/p>\n<p>Savc\u0131l\u0131k i\u015flemlerinin ard\u0131ndan <strong>N.D.<\/strong> hakk\u0131nda uygulanacak adli i\u015flemin belli olmas\u0131 bekleniyor.<\/p>\n<p><strong>10 YIL SONRA \u00d6L\u00dcM DOSYASI YEN\u0130DEN A\u00c7ILDI<\/strong><\/p>\n<p><strong>Ula\u015ft\u0131rma eski Bakan\u0131 Arif Ahmet Denizolgun,<\/strong> 7 Eyl\u00fcl 2016 tarihinde hayat\u0131n\u0131 kaybetmi\u015fti.<\/p>\n<p><strong>Denizolgun\u2019<\/strong>un \u00f6l\u00fcm\u00fcne ve yap\u0131lan otopsi i\u015flemlerine ili\u015fkin ortaya at\u0131lan iddia ve \u015fik\u00e2yetler \u00fczerine Bak\u0131rk\u00f6y Cumhuriyet Ba\u015fsavc\u0131l\u0131\u011f\u0131 taraf\u0131ndan yeniden soru\u015fturma ba\u015flat\u0131ld\u0131.<\/p>\n<p>Ba\u015fsavc\u0131l\u0131\u011f\u0131n y\u00fcr\u00fctt\u00fc\u011f\u00fc soru\u015fturmada <strong>Denizolgun<\/strong>\u2019un ger\u00e7ek \u00f6l\u00fcm nedeninin ortaya \u00e7\u0131kar\u0131lmas\u0131 amac\u0131yla fethi kabir karar\u0131 al\u0131nd\u0131.<\/p>\n<p><strong>MEZARI A\u00c7ILDI, \u00d6RNEKLER ADL\u0130 TIP\u2019A G\u00d6NDER\u0130LD\u0130<\/strong><\/p>\n<p>Al\u0131nan karar \u00fczerine <strong>Denizolgun\u2019<\/strong>un mezar\u0131 19 A\u011fustos 2026 tarihinde a\u00e7\u0131ld\u0131.<\/p>\n<p><strong>Ba\u015fsavc\u0131vekili, Cumhuriyet savc\u0131s\u0131, Adli T\u0131p Kurumu<\/strong> uzmanlar\u0131 ve olay yeri inceleme ekiplerinin kat\u0131ld\u0131\u011f\u0131 i\u015flemlerde <strong>Denizolgun<\/strong>\u2019un naa\u015f\u0131ndan gerekli \u00f6rnekler al\u0131nd\u0131.<\/p>\n<p>Al\u0131nan \u00f6rnekler kapsaml\u0131 inceleme yap\u0131lmas\u0131 amac\u0131yla <strong>Adli T\u0131p Kurumu\u2019<\/strong>na g\u00f6nderildi.<\/p>\n<p><strong>\u00d6N \u0130NCELEME TAMAMLANDI<\/strong><\/p>\n<p>Soru\u015fturmadaki en son geli\u015fmelerden biri de 3 Eyl\u00fcl 2026 tarihinde ya\u015fand\u0131.<\/p>\n<p>Fethi kabir i\u015fleminin ard\u0131ndan <strong>Adli T\u0131p Kurumu Morg \u0130htisas Dairesi Kemik ve Di\u015f \u0130nceleme \u015eubesi, Kimya \u0130htisas Dairesi Toksikoloji \u015eubesi ve Biyoloji \u0130htisas Dairesi<\/strong> taraf\u0131ndan \u00f6n incelemeler ger\u00e7ekle\u015ftirildi.<\/p>\n<p>Elde edilen bilgi ve belgeler, nihai de\u011ferlendirme ve raporlama yap\u0131lmas\u0131 amac\u0131yla Adli T\u0131p Kurumu 1. \u0130htisas Kurulu\u2019na g\u00f6nderildi.<\/p>\n<p><strong>OTOPS\u0130 G\u00d6R\u00dcNT\u00dcLER\u0130 DOSYANIN SEYR\u0130N\u0130 DE\u011e\u0130\u015eT\u0130RD\u0130<\/strong><\/p>\n<p>Soru\u015fturman\u0131n en kritik a\u015famalar\u0131ndan birini ise <strong>Denizolgun\u2019<\/strong>un 2016 y\u0131l\u0131ndaki otopsisine ili\u015fkin video g\u00f6r\u00fcnt\u00fclerinin ortaya \u00e7\u0131kmas\u0131 olu\u015fturdu.<\/p>\n<p><strong>Bak\u0131rk\u00f6y Cumhuriyet Ba\u015fsavc\u0131l\u0131\u011f\u0131<\/strong>n\u0131n a\u00e7\u0131klamas\u0131na g\u00f6re, Ba\u015fsavc\u0131l\u0131\u011f\u0131n <strong>24 \u015eubat 2026, 1 Haziran 2026 ve 14 Temmuz 2026<\/strong> tarihlerinde otopsi video kayd\u0131n\u0131 talep eden yaz\u0131lar\u0131na, kay\u0131t bulunmad\u0131\u011f\u0131 y\u00f6n\u00fcnde cevap verildi.<\/p>\n<p>Ancak 18 A\u011fustos 2026 tarihinde otopsi video kayd\u0131n\u0131n mevcut oldu\u011fu bildirilerek g\u00f6r\u00fcnt\u00fcler Ba\u015fsavc\u0131l\u0131\u011fa g\u00f6nderildi.<\/p>\n<p><strong>B\u0130L\u0130RK\u0130\u015e\u0130 \u201c\u015e\u00dcPHEL\u0130 \u00d6L\u00dcM\u201d TESP\u0130T\u0130 YAPTI<\/strong><\/p>\n<p>Ortaya \u00e7\u0131kan otopsi video kayd\u0131 \u00fczerinden adli t\u0131p uzman\u0131 bilirki\u015fi taraf\u0131ndan inceleme ger\u00e7ekle\u015ftirildi.<\/p>\n<p><strong>25 A\u011fustos 2026<\/strong> tarihli bilirki\u015fi raporunda Denizolgun\u2019un \u00f6l\u00fcm\u00fcyle ilgili<strong> \u201c\u015f\u00fcpheli \u00f6l\u00fcm\u201d<\/strong> tespiti yap\u0131ld\u0131.<\/p>\n<p>Bu tespitin ard\u0131ndan soru\u015fturman\u0131n kapsam\u0131 geni\u015fletildi.<\/p>\n<p><strong>\u201cADAM \u00d6LD\u00dcRME\u201d SORU\u015eTURMASI DA Y\u00dcR\u00dcT\u00dcL\u00dcYOR<\/strong><\/p>\n<p><strong>Bak\u0131rk\u00f6y Cumhuriyet Ba\u015fsavc\u0131l\u0131\u011f\u0131,<\/strong> bilirki\u015fi raporundaki <strong>\u201c\u015f\u00fcpheli \u00f6l\u00fcm\u201d<\/strong> tespitinin ard\u0131ndan \u015fik\u00e2yet edilen <strong>Alihan Kuri\u015f<\/strong> ve di\u011fer \u015f\u00fcpheliler hakk\u0131nda ilk etapta \u201cadam \u00f6ld\u00fcrme\u201d su\u00e7undan soru\u015fturma y\u00fcr\u00fct\u00fcld\u00fc\u011f\u00fcn\u00fc a\u00e7\u0131klam\u0131\u015ft\u0131.<\/p>\n<p>Ayr\u0131ca<strong> Denizolgun<\/strong>\u2019un 2016 y\u0131l\u0131nda haz\u0131rlanan ve \u00f6l\u00fcm nedenini \u201cbeyin kanamas\u0131 nedeniyle do\u011fal \u00f6l\u00fcm\u201d olarak belirten <strong>Adli T\u0131p Kurumu Morg \u0130htisas Daires<\/strong>i raporunda imzas\u0131 bulunan doktorlar hakk\u0131nda da soru\u015fturma ba\u015flat\u0131lm\u0131\u015ft\u0131.<\/p>\n<p><strong>ADL\u0130 TIP\u2019TAK\u0130 YAZI\u015eMALAR DA \u0130NCELEN\u0130YOR<\/strong><\/p>\n<p>Ba\u015fsavc\u0131l\u0131\u011f\u0131n otopsi video kayd\u0131na ili\u015fkin taleplerine \u00f6nce kay\u0131t bulunmad\u0131\u011f\u0131 y\u00f6n\u00fcnde cevap verilmesi, daha sonra ise g\u00f6r\u00fcnt\u00fclerin mevcut oldu\u011funun bildirilmesi de ayr\u0131 bir soru\u015fturman\u0131n konusu oldu.<\/p>\n<p>\u0130lgili <strong>Adli T\u0131p Kurumu<\/strong> y\u00f6neticisi hakk\u0131nda ilk etapta \u201c<strong>resmi belgede sahtecilik\u201d<\/strong> su\u00e7undan soru\u015fturma y\u00fcr\u00fct\u00fcld\u00fc\u011f\u00fc a\u00e7\u0131klanm\u0131\u015ft\u0131.<\/p>\n<p><strong>SORU\u015eTURMADA \u0130LK G\u00d6ZALTI<\/strong><\/p>\n<p>Yakla\u015f\u0131k 10 y\u0131l \u00f6nce meydana gelen \u00f6l\u00fcm olay\u0131n\u0131n yeniden soru\u015fturulmaya ba\u015flanmas\u0131n\u0131n ard\u0131ndan gelinen son a\u015famada <strong>Denizolgun<\/strong>\u2019un doktoru <strong>N.D<\/strong>.\u2019nin g\u00f6zalt\u0131na al\u0131nmas\u0131 dosyada yeni bir s\u00fcreci ba\u015flatt\u0131.<\/p>\n<p><strong>N.D.<\/strong>\u2019nin daha \u00f6nce tan\u0131k olarak verdi\u011fi ifadeler nedeniyle \u201c<strong>yalan tan\u0131kl\u0131k\u201d<\/strong> su\u00e7lamas\u0131yla g\u00f6zalt\u0131na al\u0131nmas\u0131, soru\u015fturmadaki ilk g\u00f6zalt\u0131 i\u015flemi olarak kay\u0131tlara ge\u00e7ti.<\/p>\n<p><strong>Bak\u0131rk\u00f6y Cumhuriyet Ba\u015fsavc\u0131l\u0131\u011f\u0131 \u00d6rg\u00fctl\u00fc Su\u00e7lar B\u00fcrosu\u2019n<\/strong>un <strong>Denizolgun<\/strong>\u2019un \u00f6l\u00fcm\u00fcn\u00fcn t\u00fcm y\u00f6nleriyle ayd\u0131nlat\u0131lmas\u0131na y\u00f6nelik soru\u015fturmas\u0131 s\u00fcr\u00fcyor.<\/p>\n<p><strong>ET\u0130KETLER: #ArifAhmetDenizolgun #Bak\u0131rk\u00f6yCumhuriyetBa\u015fsavc\u0131l\u0131\u011f\u0131 #Denizolgun #ND #YalanTan\u0131kl\u0131k #\u00d6rg\u00fctl\u00fcSu\u00e7larB\u00fcrosu #AdliT\u0131pKurumu #AlihanKuri\u015f #\u0130stanbulEmniyeti #Bak\u0131rk\u00f6yAdliyesi<\/strong><\/p>\n<p>Eski Ula\u015ft\u0131rma Bakan\u0131 Arif Ahmet Denizolgun\u2019un yakla\u015f\u0131k 10 y\u0131l \u00f6nceki \u00f6l\u00fcm\u00fcne ili\u015fkin Bak\u0131rk\u00f6y Cumhuriyet Ba\u015fsavc\u0131l\u0131\u011f\u0131 taraf\u0131ndan y\u00fcr\u00fct\u00fclen kapsaml\u0131 soru\u015fturmada dikkat \u00e7eken yeni bir geli\u015fme ya\u015fand\u0131. Denizolgun\u2019un doktoru N.D., \u201cyalan tan\u0131kl\u0131k\u201d su\u00e7lamas\u0131yla \u0130stanbul \u0130l Emniyet M\u00fcd\u00fcrl\u00fc\u011f\u00fc ekiplerince g\u00f6zalt\u0131na al\u0131nd\u0131. Daha \u00f6nce soru\u015fturma kapsam\u0131nda tan\u0131k s\u0131fat\u0131yla ifade verdi\u011fi \u00f6\u011frenilen doktorun yar\u0131n Bak\u0131rk\u00f6y Cumhuriyet Ba\u015fsavc\u0131l\u0131\u011f\u0131 \u00d6rg\u00fctl\u00fc Su\u00e7lar B\u00fcrosu\u2019nda dosya savc\u0131s\u0131n\u0131n kar\u015f\u0131s\u0131na \u00e7\u0131kar\u0131lmas\u0131 bekleniyor.\u00a0<a href=\"https:\/\/www.son.tv\/arif-ahmet-denizolgun-sorusturmasinda-ilk-gozalti-doktoru-yalan-tanikliktan-yakalandi\/\" target=\"_blank\" class=\"feedzy-rss-link-icon\">Read More<\/a><\/p>","protected":false},"excerpt":{"rendered":"<p>\u00a0 SON.TV\/\u0130STANBUL Ula\u015ft\u0131rma eski Bakan\u0131 Arif Ahmet Denizolgun\u2019un 2016 y\u0131l\u0131nda ger\u00e7ekle\u015fen \u00f6l\u00fcm\u00fcn\u00fcn yeniden mercek alt\u0131na al\u0131nmas\u0131n\u0131n ard\u0131ndan y\u00fcr\u00fct\u00fclen soru\u015fturma yeni bir a\u015famaya ge\u00e7ti. Bak\u0131rk\u00f6y Cumhuriyet Ba\u015fsavc\u0131l\u0131\u011f\u0131 \u00d6rg\u00fctl\u00fc Su\u00e7lar B\u00fcrosu\u2019nun y\u00fcr\u00fctt\u00fc\u011f\u00fc soru\u015fturmada ilk g\u00f6zalt\u0131 i\u015flemi ger\u00e7ekle\u015ftirildi. DEN\u0130ZOLGUN\u2019UN DOKTORU G\u00d6ZALTINDA Soru\u015fturma kapsam\u0131nda Arif Ahmet Denizolgun\u2019un doktoru N.D., \u0130stanbul \u0130l Emniyet M\u00fcd\u00fcrl\u00fc\u011f\u00fc ekipleri taraf\u0131ndan g\u00f6zalt\u0131na al\u0131nd\u0131. N.D.\u2019nin Hisar [&hellip;]<\/p>\n","protected":false},"author":1,"featured_media":0,"comment_status":"open","ping_status":"open","sticky":false,"template":"","format":"standard","meta":{"footnotes":"","_links_to":"","_links_to_target":""},"categories":[1],"tags":[],"class_list":["post-42379","post","type-post","status-publish","format-standard","hentry","category-haberler"],"_links":{"self":[{"href":"https:\/\/www.abchukuk.com\/index.php\/wp-json\/wp\/v2\/posts\/42379","targetHints":{"allow":["GET"]}}],"collection":[{"href":"https:\/\/www.abchukuk.com\/index.php\/wp-json\/wp\/v2\/posts"}],"about":[{"href":"https:\/\/www.abchukuk.com\/index.php\/wp-json\/wp\/v2\/types\/post"}],"author":[{"embeddable":true,"href":"https:\/\/www.abchukuk.com\/index.php\/wp-json\/wp\/v2\/users\/1"}],"replies":[{"embeddable":true,"href":"https:\/\/www.abchukuk.com\/index.php\/wp-json\/wp\/v2\/comments?post=42379"}],"version-history":[{"count":0,"href":"https:\/\/www.abchukuk.com\/index.php\/wp-json\/wp\/v2\/posts\/42379\/revisions"}],"wp:attachment":[{"href":"https:\/\/www.abchukuk.com\/index.php\/wp-json\/wp\/v2\/media?parent=42379"}],"wp:term":[{"taxonomy":"category","embeddable":true,"href":"https:\/\/www.abchukuk.com\/index.php\/wp-json\/wp\/v2\/categories?post=42379"},{"taxonomy":"post_tag","embeddable":true,"href":"https:\/\/www.abchukuk.com\/index.php\/wp-json\/wp\/v2\/tags?post=42379"}],"curies":[{"name":"wp","href":"https:\/\/api.w.org\/{rel}","templated":true}]}}