{"id":42377,"date":"2026-09-03T15:59:32","date_gmt":"2026-09-03T15:59:32","guid":{"rendered":"https:\/\/www.abchukuk.com\/index.php\/2026\/09\/03\/girne-aciklarinda-batan-feribot-sorusturmasinda-tutukluluk-uzatma-karari\/"},"modified":"2026-09-03T15:59:32","modified_gmt":"2026-09-03T15:59:32","slug":"girne-aciklarinda-batan-feribot-sorusturmasinda-tutukluluk-uzatma-karari","status":"publish","type":"post","link":"https:\/\/www.abchukuk.com\/index.php\/2026\/09\/03\/girne-aciklarinda-batan-feribot-sorusturmasinda-tutukluluk-uzatma-karari\/","title":{"rendered":"Girne a\u00e7\u0131klar\u0131nda batan feribot soru\u015fturmas\u0131nda tutukluluk uzatma karar\u0131"},"content":{"rendered":"<p>K\u0131br\u0131s&#8217;\u0131n kuzeyindeki T\u00fcrk y\u00f6netiminin ba\u015fbakan\u0131 \u00dcnal \u00dcstel, Bay\u0131nd\u0131rl\u0131k ve Ula\u015ft\u0131rma Bakan\u0131 Erhan Ar\u0131kl\u0131&#8217;y\u0131 g\u00f6revden ald\u0131. Ayn\u0131 zamanda Yeniden Do\u011fu\u015f Partisi Genel Ba\u015fkan\u0131 olan Ar\u0131kl\u0131 bas\u0131n toplant\u0131s\u0131 d\u00fczenleyerek &#8220;Parti Meclisimiz bug\u00fcn itibar\u0131yla h\u00fck\u00fcmetten \u00e7ekilme karar\u0131 ald\u0131&#8221; dedi.K\u0131br\u0131s&#8217;\u0131n kuzeyindeki T\u00fcrk y\u00f6netiminin ba\u015fbakan\u0131 \u00dcnal \u00dcstel, Bay\u0131nd\u0131rl\u0131k ve Ula\u015ft\u0131rma Bakan\u0131 Erhan Ar\u0131kl\u0131&#8217;y\u0131 g\u00f6revden ald\u0131. Ayn\u0131 zamanda Yeniden Do\u011fu\u015f Partisi Genel Ba\u015fkan\u0131 olan Ar\u0131kl\u0131 bas\u0131n toplant\u0131s\u0131 d\u00fczenleyerek &#8220;Parti Meclisimiz bug\u00fcn itibar\u0131yla h\u00fck\u00fcmetten \u00e7ekilme karar\u0131 ald\u0131&#8221; dedi.\u00a0<a href=\"https:\/\/www.bbc.com\/turkce\/articles\/clye4w3ll51o?at_medium=RSS&amp;at_campaign=rss\" target=\"_blank\" class=\"feedzy-rss-link-icon\">Read More<\/a><\/p>","protected":false},"excerpt":{"rendered":"<p>K\u0131br\u0131s&#8217;\u0131n kuzeyindeki T\u00fcrk y\u00f6netiminin ba\u015fbakan\u0131 \u00dcnal \u00dcstel, Bay\u0131nd\u0131rl\u0131k ve Ula\u015ft\u0131rma Bakan\u0131 Erhan Ar\u0131kl\u0131&#8217;y\u0131 g\u00f6revden ald\u0131. Ayn\u0131 zamanda Yeniden Do\u011fu\u015f Partisi Genel Ba\u015fkan\u0131 olan Ar\u0131kl\u0131 bas\u0131n toplant\u0131s\u0131 d\u00fczenleyerek &#8220;Parti Meclisimiz bug\u00fcn itibar\u0131yla h\u00fck\u00fcmetten \u00e7ekilme karar\u0131 ald\u0131&#8221; dedi.K\u0131br\u0131s&#8217;\u0131n kuzeyindeki T\u00fcrk y\u00f6netiminin ba\u015fbakan\u0131 \u00dcnal \u00dcstel, Bay\u0131nd\u0131rl\u0131k ve Ula\u015ft\u0131rma Bakan\u0131 Erhan Ar\u0131kl\u0131&#8217;y\u0131 g\u00f6revden ald\u0131. Ayn\u0131 zamanda Yeniden Do\u011fu\u015f Partisi [&hellip;]<\/p>\n","protected":false},"author":1,"featured_media":42378,"comment_status":"open","ping_status":"open","sticky":false,"template":"","format":"standard","meta":{"footnotes":"","_links_to":"","_links_to_target":""},"categories":[1],"tags":[],"class_list":["post-42377","post","type-post","status-publish","format-standard","has-post-thumbnail","hentry","category-haberler"],"_links":{"self":[{"href":"https:\/\/www.abchukuk.com\/index.php\/wp-json\/wp\/v2\/posts\/42377","targetHints":{"allow":["GET"]}}],"collection":[{"href":"https:\/\/www.abchukuk.com\/index.php\/wp-json\/wp\/v2\/posts"}],"about":[{"href":"https:\/\/www.abchukuk.com\/index.php\/wp-json\/wp\/v2\/types\/post"}],"author":[{"embeddable":true,"href":"https:\/\/www.abchukuk.com\/index.php\/wp-json\/wp\/v2\/users\/1"}],"replies":[{"embeddable":true,"href":"https:\/\/www.abchukuk.com\/index.php\/wp-json\/wp\/v2\/comments?post=42377"}],"version-history":[{"count":0,"href":"https:\/\/www.abchukuk.com\/index.php\/wp-json\/wp\/v2\/posts\/42377\/revisions"}],"wp:featuredmedia":[{"embeddable":true,"href":"https:\/\/www.abchukuk.com\/index.php\/wp-json\/wp\/v2\/media\/42378"}],"wp:attachment":[{"href":"https:\/\/www.abchukuk.com\/index.php\/wp-json\/wp\/v2\/media?parent=42377"}],"wp:term":[{"taxonomy":"category","embeddable":true,"href":"https:\/\/www.abchukuk.com\/index.php\/wp-json\/wp\/v2\/categories?post=42377"},{"taxonomy":"post_tag","embeddable":true,"href":"https:\/\/www.abchukuk.com\/index.php\/wp-json\/wp\/v2\/tags?post=42377"}],"curies":[{"name":"wp","href":"https:\/\/api.w.org\/{rel}","templated":true}]}}