{"id":42376,"date":"2026-09-03T16:56:33","date_gmt":"2026-09-03T16:56:33","guid":{"rendered":"https:\/\/www.abchukuk.com\/index.php\/2026\/09\/03\/camide-namaz-kilarken-kediyi-tekmeledigi-goruntuler-paylasilmisti-gozaltina-alinmasinin-ardindan-serbest-birakildi\/"},"modified":"2026-09-03T16:56:33","modified_gmt":"2026-09-03T16:56:33","slug":"camide-namaz-kilarken-kediyi-tekmeledigi-goruntuler-paylasilmisti-gozaltina-alinmasinin-ardindan-serbest-birakildi","status":"publish","type":"post","link":"https:\/\/www.abchukuk.com\/index.php\/2026\/09\/03\/camide-namaz-kilarken-kediyi-tekmeledigi-goruntuler-paylasilmisti-gozaltina-alinmasinin-ardindan-serbest-birakildi\/","title":{"rendered":"Camide namaz k\u0131larken kediyi tekmeledi\u011fi g\u00f6r\u00fcnt\u00fcler payla\u015f\u0131lm\u0131\u015ft\u0131: G\u00f6zalt\u0131na al\u0131nmas\u0131n\u0131n ard\u0131ndan serbest b\u0131rak\u0131ld\u0131"},"content":{"rendered":"<p>Erzurum&#8217;daki bir camide namaz k\u0131larken kediyi tekmeledi\u011fine dair g\u00f6r\u00fcnt\u00fcleri sosyal medyada payla\u015f\u0131lan adam g\u00f6zalt\u0131na al\u0131nd\u0131.  Erzurum Adliyesi&#8217;ne sevk edilen \u015f\u00fcpheli, savc\u0131l\u0131ktaki ifadesinin ard\u0131ndan serbest b\u0131rak\u0131ld\u0131.Erzurum&#8217;daki bir camide namaz k\u0131larken kediyi tekmeledi\u011fine dair g\u00f6r\u00fcnt\u00fcleri sosyal medyada payla\u015f\u0131lan adam g\u00f6zalt\u0131na al\u0131nd\u0131.  Erzurum Adliyesi&#8217;ne sevk edilen \u015f\u00fcpheli, savc\u0131l\u0131ktaki ifadesinin ard\u0131ndan serbest b\u0131rak\u0131ld\u0131.\u00a0<a href=\"https:\/\/anlatilaninotesi.com.tr\/20260903\/camide-namaz-kilarken-kediyi-tekmeledigi-goruntuler-paylasilmisti-gozaltina-alinmasinin-ardindan-1108480774.html\" target=\"_blank\" class=\"feedzy-rss-link-icon\">Read More<\/a><\/p>","protected":false},"excerpt":{"rendered":"<p>Erzurum&#8217;daki bir camide namaz k\u0131larken kediyi tekmeledi\u011fine dair g\u00f6r\u00fcnt\u00fcleri sosyal medyada payla\u015f\u0131lan adam g\u00f6zalt\u0131na al\u0131nd\u0131. Erzurum Adliyesi&#8217;ne sevk edilen \u015f\u00fcpheli, savc\u0131l\u0131ktaki ifadesinin ard\u0131ndan serbest b\u0131rak\u0131ld\u0131.Erzurum&#8217;daki bir camide namaz k\u0131larken kediyi tekmeledi\u011fine dair g\u00f6r\u00fcnt\u00fcleri sosyal medyada payla\u015f\u0131lan adam g\u00f6zalt\u0131na al\u0131nd\u0131. Erzurum Adliyesi&#8217;ne sevk edilen \u015f\u00fcpheli, savc\u0131l\u0131ktaki ifadesinin ard\u0131ndan serbest b\u0131rak\u0131ld\u0131.\u00a0Read More<\/p>\n","protected":false},"author":1,"featured_media":0,"comment_status":"open","ping_status":"open","sticky":false,"template":"","format":"standard","meta":{"footnotes":"","_links_to":"","_links_to_target":""},"categories":[1],"tags":[],"class_list":["post-42376","post","type-post","status-publish","format-standard","hentry","category-haberler"],"_links":{"self":[{"href":"https:\/\/www.abchukuk.com\/index.php\/wp-json\/wp\/v2\/posts\/42376","targetHints":{"allow":["GET"]}}],"collection":[{"href":"https:\/\/www.abchukuk.com\/index.php\/wp-json\/wp\/v2\/posts"}],"about":[{"href":"https:\/\/www.abchukuk.com\/index.php\/wp-json\/wp\/v2\/types\/post"}],"author":[{"embeddable":true,"href":"https:\/\/www.abchukuk.com\/index.php\/wp-json\/wp\/v2\/users\/1"}],"replies":[{"embeddable":true,"href":"https:\/\/www.abchukuk.com\/index.php\/wp-json\/wp\/v2\/comments?post=42376"}],"version-history":[{"count":0,"href":"https:\/\/www.abchukuk.com\/index.php\/wp-json\/wp\/v2\/posts\/42376\/revisions"}],"wp:attachment":[{"href":"https:\/\/www.abchukuk.com\/index.php\/wp-json\/wp\/v2\/media?parent=42376"}],"wp:term":[{"taxonomy":"category","embeddable":true,"href":"https:\/\/www.abchukuk.com\/index.php\/wp-json\/wp\/v2\/categories?post=42376"},{"taxonomy":"post_tag","embeddable":true,"href":"https:\/\/www.abchukuk.com\/index.php\/wp-json\/wp\/v2\/tags?post=42376"}],"curies":[{"name":"wp","href":"https:\/\/api.w.org\/{rel}","templated":true}]}}