{"id":42374,"date":"2026-09-03T13:04:51","date_gmt":"2026-09-03T13:04:51","guid":{"rendered":"https:\/\/www.abchukuk.com\/index.php\/2026\/09\/03\/gulistan-doku-sorusturmasinda-kritik-tutuklama-eski-jandarma-komutan-yardimcisi-ve-esi-cezaevine-gonderildi\/"},"modified":"2026-09-03T13:04:51","modified_gmt":"2026-09-03T13:04:51","slug":"gulistan-doku-sorusturmasinda-kritik-tutuklama-eski-jandarma-komutan-yardimcisi-ve-esi-cezaevine-gonderildi","status":"publish","type":"post","link":"https:\/\/www.abchukuk.com\/index.php\/2026\/09\/03\/gulistan-doku-sorusturmasinda-kritik-tutuklama-eski-jandarma-komutan-yardimcisi-ve-esi-cezaevine-gonderildi\/","title":{"rendered":"G\u00fclistan Doku soru\u015fturmas\u0131nda kritik tutuklama: Eski jandarma komutan yard\u0131mc\u0131s\u0131 ve e\u015fi cezaevine g\u00f6nderildi!"},"content":{"rendered":"<p>\u00a0<\/p>\n<p><strong>SON.TV\/ERZURUM<\/strong><\/p>\n<p><strong>Erzurum Cumhuriyet Ba\u015fsavc\u0131l\u0131\u011f\u0131<\/strong> taraf\u0131ndan y\u00fcr\u00fct\u00fclen <strong>G\u00fclistan Doku<\/strong> soru\u015fturmas\u0131nda \u00e7al\u0131\u015fmalar s\u00fcrerken, 5\u2019inci dalga operasyon kapsam\u0131nda g\u00f6zalt\u0131na al\u0131nan <strong>Tunceli \u0130l Jandarma eski Komutan Yard\u0131mc\u0131s\u0131 Ali Kahraman<\/strong> ile e\u015fi <strong>Bur\u00e7in H\u0131zl\u0131 Kahraman<\/strong>\u2019\u0131n adliyedeki i\u015flemleri tamamland\u0131.<\/p>\n<p>Savc\u0131l\u0131k ifadelerinin ard\u0131ndan tutuklama talebiyle n\u00f6bet\u00e7i sulh ceza hakimli\u011fine sevk edilen <strong>Kahraman<\/strong> \u00e7ifti hakk\u0131nda tutuklama karar\u0131 verildi.<\/p>\n<p><strong>KAHRAMAN \u00c7\u0130FT\u0130 TUTUKLANDI<\/strong><\/p>\n<p>Soru\u015fturma kapsam\u0131nda g\u00f6zalt\u0131nda bulunan <strong>Ali<\/strong> <strong>Kahraman<\/strong> ve <strong>Bur\u00e7in H\u0131zl\u0131 Kahraman<\/strong>\u2019\u0131n savc\u0131l\u0131k ifadelerinin ard\u0131ndan adli s\u00fcre\u00e7 devam etti.<\/p>\n<p>Savc\u0131l\u0131\u011f\u0131n tutuklama talebi \u00fczerine n\u00f6bet\u00e7i sulh ceza hakimli\u011fine \u00e7\u0131kar\u0131lan iki \u015f\u00fcpheli de hakimlik karar\u0131yla tutukland\u0131.<\/p>\n<p><strong>G\u00dcL\u0130STAN DOKU 5 OCAK 2020\u2019DE KAYBOLDU<\/strong><\/p>\n<p><strong>Munzur \u00dcniversitesi \u00f6\u011frencisi G\u00fclistan Doku\u2019dan 5 Ocak 2020 tarihinden bu yana haber al\u0131nam\u0131yor.<\/strong><\/p>\n<p>Soru\u015fturman\u0131n yeniden derinle\u015ftirilmesiyle birlikte Doku\u2019nun kayboldu\u011fu g\u00fcn ve son g\u00f6r\u00fcld\u00fc\u011f\u00fc <strong>Sar\u0131saltuk<\/strong> <strong>K\u00f6pr\u00fcs\u00fc<\/strong> \u00e7evresine ili\u015fkin <strong>PTS<\/strong> kay\u0131tlar\u0131, telefon trafi\u011fi ve di\u011fer dijital veriler yeniden incelemeye al\u0131nd\u0131.<\/p>\n<p><strong>ARA\u00c7 GE\u00c7\u0130\u015e\u0130 SORU\u015eTURMA DOSYASINDA<\/strong><\/p>\n<p>Soru\u015fturma dosyas\u0131ndaki tespitlere g\u00f6re <strong>G\u00fclistan Doku,<\/strong> 5 Ocak 2020 g\u00fcn\u00fc saat 12.25 s\u0131ralar\u0131nda <strong>Sar\u0131saltuk K\u00f6pr\u00fcs\u00fc<\/strong> \u00fczerinde ba\u015fka bir arac\u0131n ara\u00e7 i\u00e7i kameras\u0131na yans\u0131d\u0131.<\/p>\n<p>Savc\u0131l\u0131\u011f\u0131n \u015f\u00fcphelilere y\u00f6neltti\u011fi tespitlerde, <strong>Ali<\/strong> <strong>Kahraman<\/strong>\u2019\u0131n kulland\u0131\u011f\u0131 ve <strong>Bur\u00e7in H\u0131zl\u0131 Kahraman<\/strong>\u2019a tahsisli arac\u0131n saat 12.25.12\u2019de <strong>FEDA\u015e PTS\u2019<\/strong>den, saat 12.28.58\u2019de ise <strong>\u00dcniversite PTS<\/strong>\u2019den <strong>Elaz\u0131\u011f<\/strong> istikametine ge\u00e7ti\u011fi belirtildi.<\/p>\n<p>\u0130ki <strong>PTS<\/strong> noktas\u0131 aras\u0131ndaki s\u00fcre \u00fczerinden yap\u0131lan de\u011ferlendirmede arac\u0131n <strong>Sar\u0131saltuk K\u00f6pr\u00fcs\u00fc\u2019<\/strong>nden yakla\u015f\u0131k saat 12.27 s\u0131ralar\u0131nda ge\u00e7ti\u011fi \u00fczerinde duruldu.<\/p>\n<p><strong>AYNI DAK\u0130KALARDAK\u0130 TELEFON TRAF\u0130\u011e\u0130 SORULDU<\/strong><\/p>\n<p>Soru\u015fturma kapsam\u0131nda <strong>Bur\u00e7in H\u0131zl\u0131 Kahraman<\/strong>\u2019\u0131n kulland\u0131\u011f\u0131 telefon hatt\u0131ndan, d\u00f6nemin <strong>Tunceli Valisi Tuncay Sonel\u2019<\/strong>in e\u015fi <strong>Handan Sonel\u2019<\/strong>in kulland\u0131\u011f\u0131 hatta saat 12.27.51\u2019de arama yap\u0131ld\u0131\u011f\u0131 tespit edildi.<\/p>\n<p>Savc\u0131l\u0131k taraf\u0131ndan <strong>Kahraman<\/strong> \u00e7iftine arac\u0131n k\u00f6pr\u00fcden ge\u00e7ti\u011fi de\u011ferlendirilen zaman ile s\u00f6z konusu telefon g\u00f6r\u00fc\u015fmesinin ayn\u0131 zaman dilimine denk gelmesine ili\u015fkin sorular y\u00f6neltildi.<\/p>\n<p><strong>KAHRAMAN \u00c7\u0130FT\u0130 SU\u00c7LAMALARI REDDETT\u0130<\/strong><\/p>\n<p><strong>Ali Kahraman,<\/strong> savc\u0131l\u0131k ifadesinde <strong>G\u00fclistan Doku<\/strong>\u2019yu ara\u00e7lar\u0131na almad\u0131klar\u0131n\u0131 belirterek hakk\u0131ndaki su\u00e7lamalar\u0131 reddetti.<\/p>\n<p><strong>Bur\u00e7in H\u0131zl\u0131 Kahraman<\/strong> da <strong>G\u00fclistan Doku\u2019<\/strong>yu g\u00f6rmediklerini savundu. <strong>H\u0131zl\u0131 Kahraman, Handan Sonel<\/strong> ile yapt\u0131\u011f\u0131 telefon g\u00f6r\u00fc\u015fmesinin kendilerini <strong>Tunceli<\/strong>\u2019de a\u011f\u0131rlamalar\u0131 nedeniyle te\u015fekk\u00fcr amac\u0131 ta\u015f\u0131d\u0131\u011f\u0131n\u0131 ileri s\u00fcrd\u00fc.<\/p>\n<p><strong>KAMERA S\u0130STEMLER\u0130 DE SORULDU<\/strong><\/p>\n<p><strong>Ali Kahraman<\/strong>\u2019a ifadesinde <strong>G\u00fclistan Doku<\/strong>\u2019nun kayboldu\u011fu g\u00fczerg\u00e2htaki kamera sistemlerine ili\u015fkin de sorular y\u00f6neltildi.<\/p>\n<p><strong>Kahraman<\/strong>, g\u00f6rev yapt\u0131\u011f\u0131 d\u00f6nemde <strong>Tunceli-Elaz\u0131\u011f<\/strong> g\u00fczerg\u00e2h\u0131ndaki kamera sistemlerine ili\u015fkin bilgiler verirken, <strong>Sar\u0131saltuk Viyad\u00fc\u011f\u00fc<\/strong> \u00e7evresindeki kamera noktalar\u0131 da soru\u015fturma kapsam\u0131nda ele al\u0131nd\u0131.<\/p>\n<p>Soru\u015fturma dosyas\u0131nda ayr\u0131ca <strong>Kahraman\u2019<\/strong>\u0131n <strong>G\u00fclistan<\/strong> <strong>Doku\u2019<\/strong>nun kaybolmas\u0131ndan bir g\u00fcn \u00f6nce d\u00f6nemin <strong>Tunceli Valisi Tuncay Sonel<\/strong>\u2019e kamera kulelerine ili\u015fkin bilgi g\u00f6nderdi\u011fi y\u00f6n\u00fcndeki tespit de kendisine soruldu. Kahraman, kendisinden acil olarak kule bilgilerinin istendi\u011fini, ilgili personelden ald\u0131\u011f\u0131 bilgileri Sonel\u2019e iletti\u011fini s\u00f6yledi.<\/p>\n<p><strong>5\u2019\u0130NC\u0130 DALGA OPERASYON D\u00dcZENLENM\u0130\u015eT\u0130<\/strong><\/p>\n<p><strong>Erzurum Cumhuriyet Ba\u015fsavc\u0131l\u0131\u011f\u0131<\/strong>n\u0131n talimat\u0131yla y\u00fcr\u00fct\u00fclen soru\u015fturman\u0131n 5\u2019inci dalgas\u0131nda \u00e7e\u015fitli kentlerde operasyonlar ger\u00e7ekle\u015ftirilmi\u015f ve 10 \u015f\u00fcpheli g\u00f6zalt\u0131na al\u0131nm\u0131\u015ft\u0131.<\/p>\n<p>G\u00f6zalt\u0131na al\u0131nanlar aras\u0131nda <strong>Ali Kahraman<\/strong> ve <strong>Bur\u00e7in<\/strong> <strong>H\u0131zl\u0131 Kahraman<\/strong>\u2019\u0131n yan\u0131 s\u0131ra <strong>G\u00fclistan Doku<\/strong>\u2019nun bulunmas\u0131 amac\u0131yla ger\u00e7ekle\u015ftirilen su alt\u0131 aramalar\u0131nda g\u00f6rev alan polislerin de bulundu\u011fu a\u00e7\u0131klanm\u0131\u015ft\u0131.<\/p>\n<p>Operasyon kapsam\u0131nda daha \u00f6nce adliyeye sevk edilen dalg\u0131\u00e7 polislerden <strong>G\u00fcrkan G\u00fcrdal<\/strong> tutuklan\u0131rken, iki dalg\u0131\u00e7 polis hakk\u0131nda adli kontrol karar\u0131 verilmi\u015fti. Daha sonraki adli i\u015flemlerde bir \u015f\u00fcpheli daha tutuklanm\u0131\u015ft\u0131.<\/p>\n<p><strong>KAHRAMAN \u00c7\u0130FT\u0130 HAKKINDA TUTUKLAMA KARARI<\/strong><\/p>\n<p>Soru\u015fturman\u0131n son a\u015famas\u0131nda <strong>Ali Kahraman<\/strong> ile <strong>Bur\u00e7in H\u0131zl\u0131 Kahraman<\/strong>\u2019\u0131n da tutuklanmas\u0131yla dosyadaki adli s\u00fcre\u00e7te yeni bir a\u015famaya ge\u00e7ildi.<\/p>\n<p><strong>Erzurum Cumhuriyet Ba\u015fsavc\u0131l\u0131\u011f\u0131<\/strong> taraf\u0131ndan y\u00fcr\u00fct\u00fclen <strong>G\u00fclistan Doku<\/strong> soru\u015fturmas\u0131 \u00e7ok y\u00f6nl\u00fc olarak devam ediyor.<\/p>\n<p><strong>ET\u0130KETLER: #G\u00fclistanDoku #AliKahraman #Bur\u00e7inH\u0131zl\u0131Kahraman #Tunceli #Erzurum #ErzurumCumhuriyetBa\u015fsavc\u0131l\u0131\u011f\u0131 #Jandarma #Sar\u0131saltukK\u00f6pr\u00fcs\u00fc #SonDakika<\/strong><\/p>\n<p>G\u00fclistan Doku\u2019nun 5 Ocak 2020\u2019de Tunceli\u2019de kaybolmas\u0131na ili\u015fkin y\u00fcr\u00fct\u00fclen soru\u015fturmada yeni bir geli\u015fme ya\u015fand\u0131. G\u00f6zalt\u0131na al\u0131nan eski Tunceli \u0130l Jandarma Komutan Yard\u0131mc\u0131s\u0131 Ali Kahraman ile e\u015fi Bur\u00e7in H\u0131zl\u0131 Kahraman, tutuklama talebiyle sevk edildikleri n\u00f6bet\u00e7i sulh ceza hakimli\u011fince tutukland\u0131.\u00a0<a href=\"https:\/\/www.son.tv\/gulistan-doku-sorusturmasinda-kritik-tutuklama-eski-jandarma-komutan-yardimcisi-ve-esi-cezaevine-gonderildi\/\" target=\"_blank\" class=\"feedzy-rss-link-icon\">Read More<\/a><\/p>","protected":false},"excerpt":{"rendered":"<p>\u00a0 SON.TV\/ERZURUM Erzurum Cumhuriyet Ba\u015fsavc\u0131l\u0131\u011f\u0131 taraf\u0131ndan y\u00fcr\u00fct\u00fclen G\u00fclistan Doku soru\u015fturmas\u0131nda \u00e7al\u0131\u015fmalar s\u00fcrerken, 5\u2019inci dalga operasyon kapsam\u0131nda g\u00f6zalt\u0131na al\u0131nan Tunceli \u0130l Jandarma eski Komutan Yard\u0131mc\u0131s\u0131 Ali Kahraman ile e\u015fi Bur\u00e7in H\u0131zl\u0131 Kahraman\u2019\u0131n adliyedeki i\u015flemleri tamamland\u0131. Savc\u0131l\u0131k ifadelerinin ard\u0131ndan tutuklama talebiyle n\u00f6bet\u00e7i sulh ceza hakimli\u011fine sevk edilen Kahraman \u00e7ifti hakk\u0131nda tutuklama karar\u0131 verildi. KAHRAMAN \u00c7\u0130FT\u0130 TUTUKLANDI Soru\u015fturma [&hellip;]<\/p>\n","protected":false},"author":1,"featured_media":0,"comment_status":"open","ping_status":"open","sticky":false,"template":"","format":"standard","meta":{"footnotes":"","_links_to":"","_links_to_target":""},"categories":[1],"tags":[],"class_list":["post-42374","post","type-post","status-publish","format-standard","hentry","category-haberler"],"_links":{"self":[{"href":"https:\/\/www.abchukuk.com\/index.php\/wp-json\/wp\/v2\/posts\/42374","targetHints":{"allow":["GET"]}}],"collection":[{"href":"https:\/\/www.abchukuk.com\/index.php\/wp-json\/wp\/v2\/posts"}],"about":[{"href":"https:\/\/www.abchukuk.com\/index.php\/wp-json\/wp\/v2\/types\/post"}],"author":[{"embeddable":true,"href":"https:\/\/www.abchukuk.com\/index.php\/wp-json\/wp\/v2\/users\/1"}],"replies":[{"embeddable":true,"href":"https:\/\/www.abchukuk.com\/index.php\/wp-json\/wp\/v2\/comments?post=42374"}],"version-history":[{"count":0,"href":"https:\/\/www.abchukuk.com\/index.php\/wp-json\/wp\/v2\/posts\/42374\/revisions"}],"wp:attachment":[{"href":"https:\/\/www.abchukuk.com\/index.php\/wp-json\/wp\/v2\/media?parent=42374"}],"wp:term":[{"taxonomy":"category","embeddable":true,"href":"https:\/\/www.abchukuk.com\/index.php\/wp-json\/wp\/v2\/categories?post=42374"},{"taxonomy":"post_tag","embeddable":true,"href":"https:\/\/www.abchukuk.com\/index.php\/wp-json\/wp\/v2\/tags?post=42374"}],"curies":[{"name":"wp","href":"https:\/\/api.w.org\/{rel}","templated":true}]}}