{"id":42371,"date":"2026-09-03T13:07:36","date_gmt":"2026-09-03T13:07:36","guid":{"rendered":"https:\/\/www.abchukuk.com\/index.php\/2026\/09\/03\/iran-kizilayi-abdnin-hurmuzgandaki-dugun-evine-saldirisini-ucm-savciligina-tasidi\/"},"modified":"2026-09-03T13:07:36","modified_gmt":"2026-09-03T13:07:36","slug":"iran-kizilayi-abdnin-hurmuzgandaki-dugun-evine-saldirisini-ucm-savciligina-tasidi","status":"publish","type":"post","link":"https:\/\/www.abchukuk.com\/index.php\/2026\/09\/03\/iran-kizilayi-abdnin-hurmuzgandaki-dugun-evine-saldirisini-ucm-savciligina-tasidi\/","title":{"rendered":"\u0130ran K\u0131z\u0131lay\u0131, ABD&#8217;nin H\u00fcrm\u00fczgan&#8217;daki d\u00fc\u011f\u00fcn evine sald\u0131r\u0131s\u0131n\u0131 UCM Savc\u0131l\u0131\u011f\u0131na ta\u015f\u0131d\u0131"},"content":{"rendered":"<p>\u0130ran K\u0131z\u0131lay\u0131, H\u00fcrm\u00fczgan eyaletine ba\u011fl\u0131 Kuhe\u015ftek kentinde d\u00fc\u011f\u00fcn evine y\u00f6nelik ABD sald\u0131r\u0131s\u0131yla ilgili Uluslararas\u0131 Ceza Mahkemesi (UCM) Savc\u0131l\u0131\u011f\u0131na mektup g\u00f6nderildi\u011fini bildirdi.\u0130ran K\u0131z\u0131lay\u0131, H\u00fcrm\u00fczgan eyaletine ba\u011fl\u0131 Kuhe\u015ftek kentinde d\u00fc\u011f\u00fcn evine y\u00f6nelik ABD sald\u0131r\u0131s\u0131yla ilgili Uluslararas\u0131 Ceza Mahkemesi (UCM) Savc\u0131l\u0131\u011f\u0131na mektup g\u00f6nderildi\u011fini bildirdi.\u00a0<a href=\"https:\/\/anlatilaninotesi.com.tr\/20260903\/iran-kizilayi-abdnin-hurmuzgandaki-dugun-evine-saldirisini-ucm-savciligina-tasidi-1108474732.html\" target=\"_blank\" class=\"feedzy-rss-link-icon\">Read More<\/a><\/p>","protected":false},"excerpt":{"rendered":"<p>\u0130ran K\u0131z\u0131lay\u0131, H\u00fcrm\u00fczgan eyaletine ba\u011fl\u0131 Kuhe\u015ftek kentinde d\u00fc\u011f\u00fcn evine y\u00f6nelik ABD sald\u0131r\u0131s\u0131yla ilgili Uluslararas\u0131 Ceza Mahkemesi (UCM) Savc\u0131l\u0131\u011f\u0131na mektup g\u00f6nderildi\u011fini bildirdi.\u0130ran K\u0131z\u0131lay\u0131, H\u00fcrm\u00fczgan eyaletine ba\u011fl\u0131 Kuhe\u015ftek kentinde d\u00fc\u011f\u00fcn evine y\u00f6nelik ABD sald\u0131r\u0131s\u0131yla ilgili Uluslararas\u0131 Ceza Mahkemesi (UCM) Savc\u0131l\u0131\u011f\u0131na mektup g\u00f6nderildi\u011fini bildirdi.\u00a0Read More<\/p>\n","protected":false},"author":1,"featured_media":0,"comment_status":"open","ping_status":"open","sticky":false,"template":"","format":"standard","meta":{"footnotes":"","_links_to":"","_links_to_target":""},"categories":[1],"tags":[],"class_list":["post-42371","post","type-post","status-publish","format-standard","hentry","category-haberler"],"_links":{"self":[{"href":"https:\/\/www.abchukuk.com\/index.php\/wp-json\/wp\/v2\/posts\/42371","targetHints":{"allow":["GET"]}}],"collection":[{"href":"https:\/\/www.abchukuk.com\/index.php\/wp-json\/wp\/v2\/posts"}],"about":[{"href":"https:\/\/www.abchukuk.com\/index.php\/wp-json\/wp\/v2\/types\/post"}],"author":[{"embeddable":true,"href":"https:\/\/www.abchukuk.com\/index.php\/wp-json\/wp\/v2\/users\/1"}],"replies":[{"embeddable":true,"href":"https:\/\/www.abchukuk.com\/index.php\/wp-json\/wp\/v2\/comments?post=42371"}],"version-history":[{"count":0,"href":"https:\/\/www.abchukuk.com\/index.php\/wp-json\/wp\/v2\/posts\/42371\/revisions"}],"wp:attachment":[{"href":"https:\/\/www.abchukuk.com\/index.php\/wp-json\/wp\/v2\/media?parent=42371"}],"wp:term":[{"taxonomy":"category","embeddable":true,"href":"https:\/\/www.abchukuk.com\/index.php\/wp-json\/wp\/v2\/categories?post=42371"},{"taxonomy":"post_tag","embeddable":true,"href":"https:\/\/www.abchukuk.com\/index.php\/wp-json\/wp\/v2\/tags?post=42371"}],"curies":[{"name":"wp","href":"https:\/\/api.w.org\/{rel}","templated":true}]}}