{"id":42369,"date":"2026-09-03T13:19:00","date_gmt":"2026-09-03T13:19:00","guid":{"rendered":"https:\/\/www.abchukuk.com\/index.php\/2026\/09\/03\/bassavcilik-tarih-verip-duyurdu-ahmet-davutogluna-cumhurbaskanina-hakaret-sorusturmasi-supheli-sifatiyla-ifade-verecek\/"},"modified":"2026-09-03T13:19:00","modified_gmt":"2026-09-03T13:19:00","slug":"bassavcilik-tarih-verip-duyurdu-ahmet-davutogluna-cumhurbaskanina-hakaret-sorusturmasi-supheli-sifatiyla-ifade-verecek","status":"publish","type":"post","link":"https:\/\/www.abchukuk.com\/index.php\/2026\/09\/03\/bassavcilik-tarih-verip-duyurdu-ahmet-davutogluna-cumhurbaskanina-hakaret-sorusturmasi-supheli-sifatiyla-ifade-verecek\/","title":{"rendered":"Ba\u015fsavc\u0131l\u0131k Tarih Verip Duyurdu: Ahmet Davuto\u011flu&#8217;na &#8216;Cumhurba\u015fkan\u0131na Hakaret&#8217; Soru\u015fturmas\u0131! &#8216;\u015e\u00fcpheli&#8217; S\u0131fat\u0131yla \u0130fade Verecek"},"content":{"rendered":"<p><a href=\"https:\/\/www.gercekgundem.com\/gundem\/ahmet-davutoglunun-ifade-verecegi-tarih-belli-oldu-577952\"><br \/>\n                                                            <img decoding=\"async\" src=\"https:\/\/i.gercekgundem.com\/2\/150\/84\/storage\/files\/images\/2026\/09\/03\/ahmet-davutoglunun-ifade-verecegi-tarih-belli-oldu-2pgf.jpg\" width=\"150\" height=\"84\" border=\"0\" align=\"right\" \/><br \/>\n                                                    <\/a><\/p>\n<h4>Ankara Cumhuriyet Ba\u015fsavc\u0131l\u0131\u011f\u0131\u2019n\u0131n Cumhurba\u015fkan\u0131na hakaret su\u00e7lamas\u0131yla hakk\u0131nda soru\u015fturma ba\u015flatt\u0131\u011f\u0131 feshedilen Gelecek Partisi Genel Ba\u015fkan\u0131 Ahmet Davuto\u011flu\u2019nun, 7 Eyl\u00fcl Pazartesi g\u00fcn\u00fc saat 15.00\u2019te Ankara Adliyesi\u2019nde \u015f\u00fcpheli s\u0131fat\u0131yla ifade verece\u011fi \u00f6\u011frenildi.<\/h4>\n<p>Ankara Cumhuriyet Ba\u015fsavc\u0131l\u0131\u011f\u0131\u2019n\u0131n Cumhurba\u015fkan\u0131na hakaret su\u00e7lamas\u0131yla hakk\u0131nda soru\u015fturma ba\u015flatt\u0131\u011f\u0131 feshedilen Gelecek Partisi Genel Ba\u015fkan\u0131 Ahmet Davuto\u011flu\u2019nun, 7 Eyl\u00fcl Pazartesi g\u00fcn\u00fc saat 15.00\u2019te Ankara Adliyesi\u2019nde \u015f\u00fcpheli s\u0131fat\u0131yla ifade verece\u011fi \u00f6\u011frenildi.\u00a0<a href=\"https:\/\/www.gercekgundem.com\/gundem\/ahmet-davutoglunun-ifade-verecegi-tarih-belli-oldu-577952\" target=\"_blank\" class=\"feedzy-rss-link-icon\">Read More<\/a><\/p>","protected":false},"excerpt":{"rendered":"<p>Ankara Cumhuriyet Ba\u015fsavc\u0131l\u0131\u011f\u0131\u2019n\u0131n Cumhurba\u015fkan\u0131na hakaret su\u00e7lamas\u0131yla hakk\u0131nda soru\u015fturma ba\u015flatt\u0131\u011f\u0131 feshedilen Gelecek Partisi Genel Ba\u015fkan\u0131 Ahmet Davuto\u011flu\u2019nun, 7 Eyl\u00fcl Pazartesi g\u00fcn\u00fc saat 15.00\u2019te Ankara Adliyesi\u2019nde \u015f\u00fcpheli s\u0131fat\u0131yla ifade verece\u011fi \u00f6\u011frenildi. Ankara Cumhuriyet Ba\u015fsavc\u0131l\u0131\u011f\u0131\u2019n\u0131n Cumhurba\u015fkan\u0131na hakaret su\u00e7lamas\u0131yla hakk\u0131nda soru\u015fturma ba\u015flatt\u0131\u011f\u0131 feshedilen Gelecek Partisi Genel Ba\u015fkan\u0131 Ahmet Davuto\u011flu\u2019nun, 7 Eyl\u00fcl Pazartesi g\u00fcn\u00fc saat 15.00\u2019te Ankara Adliyesi\u2019nde \u015f\u00fcpheli s\u0131fat\u0131yla [&hellip;]<\/p>\n","protected":false},"author":1,"featured_media":42370,"comment_status":"open","ping_status":"open","sticky":false,"template":"","format":"standard","meta":{"footnotes":"","_links_to":"","_links_to_target":""},"categories":[1],"tags":[],"class_list":["post-42369","post","type-post","status-publish","format-standard","has-post-thumbnail","hentry","category-haberler"],"_links":{"self":[{"href":"https:\/\/www.abchukuk.com\/index.php\/wp-json\/wp\/v2\/posts\/42369","targetHints":{"allow":["GET"]}}],"collection":[{"href":"https:\/\/www.abchukuk.com\/index.php\/wp-json\/wp\/v2\/posts"}],"about":[{"href":"https:\/\/www.abchukuk.com\/index.php\/wp-json\/wp\/v2\/types\/post"}],"author":[{"embeddable":true,"href":"https:\/\/www.abchukuk.com\/index.php\/wp-json\/wp\/v2\/users\/1"}],"replies":[{"embeddable":true,"href":"https:\/\/www.abchukuk.com\/index.php\/wp-json\/wp\/v2\/comments?post=42369"}],"version-history":[{"count":0,"href":"https:\/\/www.abchukuk.com\/index.php\/wp-json\/wp\/v2\/posts\/42369\/revisions"}],"wp:featuredmedia":[{"embeddable":true,"href":"https:\/\/www.abchukuk.com\/index.php\/wp-json\/wp\/v2\/media\/42370"}],"wp:attachment":[{"href":"https:\/\/www.abchukuk.com\/index.php\/wp-json\/wp\/v2\/media?parent=42369"}],"wp:term":[{"taxonomy":"category","embeddable":true,"href":"https:\/\/www.abchukuk.com\/index.php\/wp-json\/wp\/v2\/categories?post=42369"},{"taxonomy":"post_tag","embeddable":true,"href":"https:\/\/www.abchukuk.com\/index.php\/wp-json\/wp\/v2\/tags?post=42369"}],"curies":[{"name":"wp","href":"https:\/\/api.w.org\/{rel}","templated":true}]}}