{"id":42367,"date":"2026-09-03T13:27:54","date_gmt":"2026-09-03T13:27:54","guid":{"rendered":"https:\/\/www.abchukuk.com\/index.php\/2026\/09\/03\/hsk-uyesi-serdar-atesin-yeni-adli-yil-ziyaretlerinde-yeni-durak-diyarbakir-oldu\/"},"modified":"2026-09-03T13:27:54","modified_gmt":"2026-09-03T13:27:54","slug":"hsk-uyesi-serdar-atesin-yeni-adli-yil-ziyaretlerinde-yeni-durak-diyarbakir-oldu","status":"publish","type":"post","link":"https:\/\/www.abchukuk.com\/index.php\/2026\/09\/03\/hsk-uyesi-serdar-atesin-yeni-adli-yil-ziyaretlerinde-yeni-durak-diyarbakir-oldu\/","title":{"rendered":"HSK \u00dcyesi Serdar Ate\u015f\u2019in yeni adli y\u0131l ziyaretlerinde yeni durak Diyarbak\u0131r oldu"},"content":{"rendered":"<p><strong>SON.TV\/D\u0130YARBAKIR<\/strong><\/p>\n<p><strong>2026-2027 Adli Y\u0131l\u0131<\/strong>\u2019n\u0131n ba\u015flamas\u0131n\u0131n ard\u0131ndan farkl\u0131 illerde g\u00f6rev yapan yarg\u0131 mensuplar\u0131yla bir araya gelen <strong>HSK \u0130kinci Daire \u00dcyesi Serdar Ate\u015f<\/strong>, ziyaret program\u0131n\u0131 Diyarbak\u0131r\u2019da s\u00fcrd\u00fcrd\u00fc.<\/p>\n<p><img loading=\"lazy\" decoding=\"async\" loading=\"lazy\" class=\"alignnone size-medium wp-image-197549\" src=\"https:\/\/www.son.tv\/wp-content\/uploads\/2026\/09\/333c9271-9a2e-4af3-8e3f-852994973d43-300x200.jpeg\" alt=\"\" width=\"300\" height=\"200\" \/> <img loading=\"lazy\" decoding=\"async\" loading=\"lazy\" class=\"alignnone size-medium wp-image-197550\" src=\"https:\/\/www.son.tv\/wp-content\/uploads\/2026\/09\/0a378ee0-d0a2-4685-95d8-7d3cdf2e2d40-300x200.jpeg\" alt=\"\" width=\"300\" height=\"200\" \/> <img loading=\"lazy\" decoding=\"async\" loading=\"lazy\" class=\"alignnone size-medium wp-image-197551\" src=\"https:\/\/www.son.tv\/wp-content\/uploads\/2026\/09\/a7af1617-e4dc-49e3-bd5a-def7373fb21a-300x200.jpeg\" alt=\"\" width=\"300\" height=\"200\" \/> <img loading=\"lazy\" decoding=\"async\" loading=\"lazy\" class=\"alignnone size-medium wp-image-197552\" src=\"https:\/\/www.son.tv\/wp-content\/uploads\/2026\/09\/b6f4f962-e64d-4d9a-949a-bf0b0701bbb5-300x200.jpeg\" alt=\"\" width=\"300\" height=\"200\" \/> <img loading=\"lazy\" decoding=\"async\" loading=\"lazy\" class=\"alignnone size-medium wp-image-197553\" src=\"https:\/\/www.son.tv\/wp-content\/uploads\/2026\/09\/1b65bb84-d50c-4e60-a8c1-a71f7dd3f6d5-300x200.jpeg\" alt=\"\" width=\"300\" height=\"200\" \/> <img loading=\"lazy\" decoding=\"async\" loading=\"lazy\" class=\"alignnone size-medium wp-image-197555\" src=\"https:\/\/www.son.tv\/wp-content\/uploads\/2026\/09\/9f6ce84d-c319-4696-a784-22cb776112a8-300x200.jpeg\" alt=\"\" width=\"300\" height=\"200\" \/> <img loading=\"lazy\" decoding=\"async\" loading=\"lazy\" class=\"alignnone size-medium wp-image-197556\" src=\"https:\/\/www.son.tv\/wp-content\/uploads\/2026\/09\/8a412330-ebd1-470d-8367-c4c1cc1b4961-300x200.jpeg\" alt=\"\" width=\"300\" height=\"200\" \/><\/p>\n<p><strong>Ate\u015f, Diyarbak\u0131r Adliyesi<\/strong>ndeki program\u0131 kapsam\u0131nda <strong>Cumhuriyet Ba\u015fsavc\u0131s\u0131 Erdal Kuru\u00e7ay ve Adli Yarg\u0131 \u0130lk Derece Mahkemesi Adalet Komisyonu Ba\u015fkan\u0131 Erhan \u00c7avu\u015fo\u011flu<\/strong> ile bir araya geldi.<\/p>\n<p><strong>YEN\u0130 ADL\u0130 YIL Z\u0130YARETLER\u0130 S\u00dcR\u00dcYOR<\/strong><\/p>\n<p><strong>HSK \u0130kinci Daire \u00dcyesi Serdar Ate\u015f<\/strong>, yeni adli y\u0131l\u0131n ba\u015flamas\u0131yla birlikte yo\u011fun bir adliye ziyaret program\u0131 ger\u00e7ekle\u015ftiriyor.<\/p>\n<p><strong>Ate\u015f<\/strong>, program\u0131n\u0131n ilk b\u00f6l\u00fcm\u00fcnde <strong>K\u0131r\u0131kkale, K\u0131r\u015fehir, Kayseri, Kahramanmara\u015f<\/strong> ve <strong>Ad\u0131yaman<\/strong> adliyelerini ziyaret etti.<\/p>\n<p>Bu ziyaretlerde Cumhuriyet ba\u015fsavc\u0131lar\u0131, adalet komisyonu ba\u015fkanlar\u0131, h\u00e2kimler ve Cumhuriyet savc\u0131lar\u0131yla bir araya gelen <strong>Ate\u015f<\/strong>, yarg\u0131 hizmetlerinin i\u015fleyi\u015fine ili\u015fkin g\u00f6r\u00fc\u015fmeler ger\u00e7ekle\u015ftirdi.<\/p>\n<p><img loading=\"lazy\" decoding=\"async\" loading=\"lazy\" class=\"alignnone size-medium wp-image-197557\" src=\"https:\/\/www.son.tv\/wp-content\/uploads\/2026\/09\/31e39054-5a71-4728-99d2-4c12949af33b-300x200.jpeg\" alt=\"\" width=\"300\" height=\"200\" \/><\/p>\n<p><strong>YEN\u0130 DURAK KAD\u0130M \u015eEH\u0130R D\u0130YARBAKIR<\/strong><\/p>\n<p><strong>Serdar Ate\u015f,<\/strong> ziyaret program\u0131n\u0131n devam\u0131nda kadim \u015fehir <strong>Diyarbak\u0131r<\/strong>\u2019a ge\u00e7ti.<\/p>\n<p><strong>Diyarbak\u0131r Adliyesine<\/strong> ger\u00e7ekle\u015ftirilen ziyarette <strong>Cumhuriyet Ba\u015fsavc\u0131s\u0131 Erdal Kuru\u00e7ay ve Adalet Komisyonu Ba\u015fkan\u0131 Erhan \u00c7avu\u015fo\u011flu<\/strong> ile g\u00f6r\u00fc\u015fen <strong>Ate\u015f<\/strong>, adliyedeki \u00e7al\u0131\u015fmalar ve yeni adli y\u0131l kapsam\u0131nda y\u00fcr\u00fct\u00fclen faaliyetlere ili\u015fkin temaslarda bulundu.<\/p>\n<p><img loading=\"lazy\" decoding=\"async\" loading=\"lazy\" class=\"alignnone size-medium wp-image-197558\" src=\"https:\/\/www.son.tv\/wp-content\/uploads\/2026\/09\/8d39d2a2-425d-4e54-9a5e-7fb78fa14841-300x200.jpeg\" alt=\"\" width=\"300\" height=\"200\" \/><\/p>\n<p><strong>BA\u015eSAVCI KURU\u00c7AY VE KOM\u0130SYON BA\u015eKANI \u00c7AVU\u015eO\u011eLU \u0130LE BULU\u015eTU<\/strong><\/p>\n<p><strong>Diyarbak\u0131r Cumhuriyet Ba\u015fsavc\u0131s\u0131 Erdal Kuru\u00e7ay<\/strong> ile <strong>Adalet Komisyonu Ba\u015fkan\u0131 Erhan \u00c7avu\u015fo\u011flu, Diyarbak\u0131r<\/strong> yarg\u0131 te\u015fkilat\u0131n\u0131n ba\u015f\u0131ndaki iki isim olarak g\u00f6revlerini s\u00fcrd\u00fcr\u00fcyor.<\/p>\n<p><strong>Ate\u015f<\/strong>\u2019in <strong>Diyarbak\u0131r<\/strong> program\u0131, yeni adli y\u0131l dolay\u0131s\u0131yla adliyelerde ger\u00e7ekle\u015ftirdi\u011fi saha ziyaretlerinin devam\u0131 niteli\u011finde ger\u00e7ekle\u015fti.<\/p>\n<p><img loading=\"lazy\" decoding=\"async\" loading=\"lazy\" class=\"alignnone size-medium wp-image-197562\" src=\"https:\/\/www.son.tv\/wp-content\/uploads\/2026\/09\/0e32e6b8-fcfc-47e1-aa4e-d6812789f7e9-300x200.jpeg\" alt=\"\" width=\"300\" height=\"200\" \/> <img loading=\"lazy\" decoding=\"async\" loading=\"lazy\" class=\"alignnone size-medium wp-image-197563\" src=\"https:\/\/www.son.tv\/wp-content\/uploads\/2026\/09\/193f53e2-6b54-43d7-aaa9-17a7b2e7df3a-300x200.jpeg\" alt=\"\" width=\"300\" height=\"200\" \/> <img loading=\"lazy\" decoding=\"async\" loading=\"lazy\" class=\"alignnone size-medium wp-image-197564\" src=\"https:\/\/www.son.tv\/wp-content\/uploads\/2026\/09\/128a4dd7-dde5-4e30-9e7f-59b9cf12e3d3-300x200.jpeg\" alt=\"\" width=\"300\" height=\"200\" \/> <img loading=\"lazy\" decoding=\"async\" loading=\"lazy\" class=\"alignnone size-medium wp-image-197565\" src=\"https:\/\/www.son.tv\/wp-content\/uploads\/2026\/09\/5f64a159-88af-4a11-8b66-af63c3135afa-300x200.jpeg\" alt=\"\" width=\"300\" height=\"200\" \/><\/p>\n<p><strong>HAK\u0130M VE SAVCILARLA TEMAS<\/strong><\/p>\n<p><strong>HSK \u00dcyesi Ate\u015f<\/strong>\u2019in yeni adli y\u0131l ziyaretlerinde yarg\u0131 mensuplar\u0131yla do\u011frudan temaslar\u0131 program\u0131n \u00f6nemli b\u00f6l\u00fcm\u00fcn\u00fc olu\u015fturuyor.<\/p>\n<p>Daha \u00f6nce ziyaret etti\u011fi adliyelerde h\u00e2kim ve Cumhuriyet savc\u0131lar\u0131yla bir araya gelen <strong>Ate\u015f<\/strong>, yarg\u0131 hizmetlerinin y\u00fcr\u00fct\u00fclmesi, \u00e7al\u0131\u015fma \u015fartlar\u0131 ve uygulamada kar\u015f\u0131la\u015f\u0131lan konular hakk\u0131nda g\u00f6r\u00fc\u015f al\u0131\u015fveri\u015finde bulundu.<\/p>\n<p><strong>Diyarbak\u0131r<\/strong> program\u0131nda da yeni adli y\u0131l kapsam\u0131nda yarg\u0131 te\u015fkilat\u0131na y\u00f6nelik temaslar\u0131n\u0131 s\u00fcrd\u00fcrd\u00fc.<\/p>\n<p><img loading=\"lazy\" decoding=\"async\" loading=\"lazy\" class=\"alignnone size-medium wp-image-197566\" src=\"https:\/\/www.son.tv\/wp-content\/uploads\/2026\/09\/02d3a240-3dec-4621-ac09-f6873d51a23c-300x200.jpeg\" alt=\"\" width=\"300\" height=\"200\" \/> <img loading=\"lazy\" decoding=\"async\" loading=\"lazy\" class=\"alignnone size-medium wp-image-197567\" src=\"https:\/\/www.son.tv\/wp-content\/uploads\/2026\/09\/7512ba90-f9f8-40e4-95c9-64404636c64d-300x200.jpeg\" alt=\"\" width=\"300\" height=\"200\" \/> <img loading=\"lazy\" decoding=\"async\" loading=\"lazy\" class=\"alignnone size-medium wp-image-197568\" src=\"https:\/\/www.son.tv\/wp-content\/uploads\/2026\/09\/4196c558-084c-4bb4-9a95-8b6c58b9b10d-300x200.jpeg\" alt=\"\" width=\"300\" height=\"200\" \/> <img loading=\"lazy\" decoding=\"async\" loading=\"lazy\" class=\"alignnone size-medium wp-image-197569\" src=\"https:\/\/www.son.tv\/wp-content\/uploads\/2026\/09\/2bc7bb66-7094-4f7a-8461-51202706acb0-300x200.jpeg\" alt=\"\" width=\"300\" height=\"200\" \/> <img loading=\"lazy\" decoding=\"async\" loading=\"lazy\" class=\"alignnone size-medium wp-image-197570\" src=\"https:\/\/www.son.tv\/wp-content\/uploads\/2026\/09\/05c95f9f-543c-43da-9289-003d536807ca-300x200.jpeg\" alt=\"\" width=\"300\" height=\"200\" \/> <img loading=\"lazy\" decoding=\"async\" loading=\"lazy\" class=\"alignnone size-medium wp-image-197571\" src=\"https:\/\/www.son.tv\/wp-content\/uploads\/2026\/09\/dd9363e6-b1c5-46b9-8062-ce79818c9836-300x229.jpeg\" alt=\"\" width=\"300\" height=\"229\" \/> <img loading=\"lazy\" decoding=\"async\" loading=\"lazy\" class=\"alignnone size-medium wp-image-197572\" src=\"https:\/\/www.son.tv\/wp-content\/uploads\/2026\/09\/c76a3ae1-676b-4b49-b4b2-58182450c7de-300x225.jpeg\" alt=\"\" width=\"300\" height=\"225\" \/><\/p>\n<p><strong>\u0130K\u0130 G\u00dcNDE 5 ADL\u0130YEY\u0130 Z\u0130YARET ETM\u0130\u015eT\u0130<\/strong><\/p>\n<p><strong>Serdar Ate\u015f, Diyarbak\u0131r<\/strong> program\u0131 \u00f6ncesinde iki g\u00fcn i\u00e7erisinde be\u015f farkl\u0131 ilde adliye ziyareti ger\u00e7ekle\u015ftirmi\u015fti.<\/p>\n<p><strong>Ate\u015f\u2019in ilk duraklar\u0131 K\u0131r\u0131kkale ve K\u0131r\u015fehir olurken, program Kayseri, Kahramanmara\u015f ve Ad\u0131yaman ile devam etmi\u015fti.<\/strong><\/p>\n<p><strong>Kayseri\u2019de Cumhuriyet Ba\u015fsavc\u0131s\u0131 Habib Korkmaz ile g\u00f6r\u00fc\u015fen Ate\u015f, adliyede g\u00f6rev yapan h\u00e2kim ve Cumhuriyet savc\u0131lar\u0131yla da toplant\u0131 ger\u00e7ekle\u015ftirmi\u015fti.<\/strong><\/p>\n<p><strong>Kahramanmara\u015f\u2019ta Cumhuriyet Ba\u015fsavc\u0131s\u0131 Ramazan Murat Tiryaki ve yarg\u0131 mensuplar\u0131yla bir araya gelen Ate\u015f, Ad\u0131yaman\u2019da ise Cumhuriyet Ba\u015fsavc\u0131s\u0131 \u00d6zg\u00fcr Celbek\u2019i ziyaret etmi\u015fti.<\/strong><\/p>\n<p><strong>D\u0130YARBAKIR\u2019IN ARDINDAN PROGRAM DEVAM EDECEK<\/strong><\/p>\n<p><strong>HSK \u0130kinci Daire \u00dcyesi Serdar Ate\u015f<\/strong>\u2019in yeni adli y\u0131l kapsam\u0131nda ger\u00e7ekle\u015ftirdi\u011fi ziyaret program\u0131n\u0131n <strong>Diyarbak\u0131r<\/strong> temaslar\u0131n\u0131n ard\u0131ndan da s\u00fcrmesi bekleniyor.<\/p>\n<p><strong>Ate\u015f<\/strong>\u2019in program\u0131nda <strong>Mardin\u2019<\/strong>de yarg\u0131 mensuplar\u0131yla ger\u00e7ekle\u015ftirilecek temaslar\u0131n da yer ald\u0131\u011f\u0131 daha \u00f6nce \u00f6\u011frenilmi\u015fti.<\/p>\n<p><strong>ET\u0130KETLER: #SerdarAte\u015f #HSK #HakimlerVeSavc\u0131larKurulu #Diyarbak\u0131r #Diyarbak\u0131rAdliyesi #ErdalKuru\u00e7ay #Erhan\u00c7avu\u015fo\u011flu #YeniAdliY\u0131l #Yarg\u0131 #Adliye<\/strong><\/p>\n<p>H\u00e2kimler ve Savc\u0131lar Kurulu (HSK) \u0130kinci Daire \u00dcyesi Serdar Ate\u015f\u2019in 2026-2027 Adli Y\u0131l\u0131\u2019n\u0131n ba\u015flamas\u0131 dolay\u0131s\u0131yla ger\u00e7ekle\u015ftirdi\u011fi adliye ziyaretleri s\u00fcr\u00fcyor. K\u0131r\u0131kkale, K\u0131r\u015fehir, Kayseri, Kahramanmara\u015f ve Ad\u0131yaman\u2019daki temaslar\u0131n\u0131n ard\u0131ndan program\u0131na devam eden Ate\u015f\u2019in yeni dura\u011f\u0131 kadim \u015fehir Diyarbak\u0131r oldu.\u00a0<a href=\"https:\/\/www.son.tv\/hsk-uyesi-serdar-atesin-yeni-adli-yil-ziyaretlerinde-yeni-durak-diyarbakir-oldu\/\" target=\"_blank\" class=\"feedzy-rss-link-icon\">Read More<\/a><\/p>","protected":false},"excerpt":{"rendered":"<p>SON.TV\/D\u0130YARBAKIR 2026-2027 Adli Y\u0131l\u0131\u2019n\u0131n ba\u015flamas\u0131n\u0131n ard\u0131ndan farkl\u0131 illerde g\u00f6rev yapan yarg\u0131 mensuplar\u0131yla bir araya gelen HSK \u0130kinci Daire \u00dcyesi Serdar Ate\u015f, ziyaret program\u0131n\u0131 Diyarbak\u0131r\u2019da s\u00fcrd\u00fcrd\u00fc. Ate\u015f, Diyarbak\u0131r Adliyesindeki program\u0131 kapsam\u0131nda Cumhuriyet Ba\u015fsavc\u0131s\u0131 Erdal Kuru\u00e7ay ve Adli Yarg\u0131 \u0130lk Derece Mahkemesi Adalet Komisyonu Ba\u015fkan\u0131 Erhan \u00c7avu\u015fo\u011flu ile bir araya geldi. YEN\u0130 ADL\u0130 YIL Z\u0130YARETLER\u0130 S\u00dcR\u00dcYOR HSK [&hellip;]<\/p>\n","protected":false},"author":1,"featured_media":42368,"comment_status":"open","ping_status":"open","sticky":false,"template":"","format":"standard","meta":{"footnotes":"","_links_to":"","_links_to_target":""},"categories":[1],"tags":[],"class_list":["post-42367","post","type-post","status-publish","format-standard","has-post-thumbnail","hentry","category-haberler"],"_links":{"self":[{"href":"https:\/\/www.abchukuk.com\/index.php\/wp-json\/wp\/v2\/posts\/42367","targetHints":{"allow":["GET"]}}],"collection":[{"href":"https:\/\/www.abchukuk.com\/index.php\/wp-json\/wp\/v2\/posts"}],"about":[{"href":"https:\/\/www.abchukuk.com\/index.php\/wp-json\/wp\/v2\/types\/post"}],"author":[{"embeddable":true,"href":"https:\/\/www.abchukuk.com\/index.php\/wp-json\/wp\/v2\/users\/1"}],"replies":[{"embeddable":true,"href":"https:\/\/www.abchukuk.com\/index.php\/wp-json\/wp\/v2\/comments?post=42367"}],"version-history":[{"count":0,"href":"https:\/\/www.abchukuk.com\/index.php\/wp-json\/wp\/v2\/posts\/42367\/revisions"}],"wp:featuredmedia":[{"embeddable":true,"href":"https:\/\/www.abchukuk.com\/index.php\/wp-json\/wp\/v2\/media\/42368"}],"wp:attachment":[{"href":"https:\/\/www.abchukuk.com\/index.php\/wp-json\/wp\/v2\/media?parent=42367"}],"wp:term":[{"taxonomy":"category","embeddable":true,"href":"https:\/\/www.abchukuk.com\/index.php\/wp-json\/wp\/v2\/categories?post=42367"},{"taxonomy":"post_tag","embeddable":true,"href":"https:\/\/www.abchukuk.com\/index.php\/wp-json\/wp\/v2\/tags?post=42367"}],"curies":[{"name":"wp","href":"https:\/\/api.w.org\/{rel}","templated":true}]}}