{"id":42364,"date":"2026-09-03T13:33:00","date_gmt":"2026-09-03T13:33:00","guid":{"rendered":"https:\/\/www.abchukuk.com\/index.php\/2026\/09\/03\/marmaradaki-gemi-kazasinda-bilirkisi-raporu-ortaya-cikti-dumende-tecrubesiz-kaptan-varmis\/"},"modified":"2026-09-03T13:33:00","modified_gmt":"2026-09-03T13:33:00","slug":"marmaradaki-gemi-kazasinda-bilirkisi-raporu-ortaya-cikti-dumende-tecrubesiz-kaptan-varmis","status":"publish","type":"post","link":"https:\/\/www.abchukuk.com\/index.php\/2026\/09\/03\/marmaradaki-gemi-kazasinda-bilirkisi-raporu-ortaya-cikti-dumende-tecrubesiz-kaptan-varmis\/","title":{"rendered":"Marmara&#8217;daki Gemi Kazas\u0131nda Bilirki\u015fi Raporu Ortaya \u00c7\u0131kt\u0131: &#8216;D\u00fcmende Tecr\u00fcbesiz Kaptan&#8217; Varm\u0131\u015f"},"content":{"rendered":"<p><a href=\"https:\/\/www.gercekgundem.com\/gundem\/marmaradaki-gemi-kazasinda-bilirkisi-raporu-ortaya-cikti-577953\"><br \/>\n                                                            <img decoding=\"async\" src=\"https:\/\/i.gercekgundem.com\/2\/150\/84\/storage\/files\/images\/2026\/09\/03\/marmaradaki-gemi-kazasinda-bilirkisi-raporu-ortaya-cikti-yxfs.jpg\" width=\"150\" height=\"84\" border=\"0\" align=\"right\" \/><br \/>\n                                                    <\/a><\/p>\n<h4>Silivri\u2019de iki ticari geminin \u00e7arp\u0131\u015fmas\u0131na ili\u015fkin soru\u015fturmada ALSU gemisine ait bilirki\u015fi \u00f6n raporu ortaya \u00e7\u0131kt\u0131. Raporda facian\u0131n temelinde \u201c\u00e7ift tarafl\u0131 k\u00f6pr\u00fc\u00fcst\u00fc disiplinsizli\u011fi, vardiya standartlar\u0131n\u0131n tamamen terk edilmesi ve durumsal fark\u0131ndal\u0131k kayb\u0131\u201d bulundu\u011fu belirtilirken, gemide tecr\u00fcbeli kaptan ve ek bir g\u00f6zc\u00fc bulunmas\u0131 halinde Tu\u011fberk \u0130mamo\u011flu\u2019nun batmas\u0131n\u0131n \u00f6nlenebilece\u011fi de\u011ferlendirildi.<\/h4>\n<p>Silivri\u2019de iki ticari geminin \u00e7arp\u0131\u015fmas\u0131na ili\u015fkin soru\u015fturmada ALSU gemisine ait bilirki\u015fi \u00f6n raporu ortaya \u00e7\u0131kt\u0131. Raporda facian\u0131n temelinde \u201c\u00e7ift tarafl\u0131 k\u00f6pr\u00fc\u00fcst\u00fc disiplinsizli\u011fi, vardiya standartlar\u0131n\u0131n tamamen terk edilmesi ve durumsal fark\u0131ndal\u0131k kayb\u0131\u201d bulundu\u011fu belirtilirken, gemide tecr\u00fcbeli kaptan ve ek bir g\u00f6zc\u00fc bulunmas\u0131 halinde Tu\u011fberk \u0130mamo\u011flu\u2019nun batmas\u0131n\u0131n \u00f6nlenebilece\u011fi de\u011ferlendirildi.\u00a0<a href=\"https:\/\/www.gercekgundem.com\/gundem\/marmaradaki-gemi-kazasinda-bilirkisi-raporu-ortaya-cikti-577953\" target=\"_blank\" class=\"feedzy-rss-link-icon\">Read More<\/a><\/p>","protected":false},"excerpt":{"rendered":"<p>Silivri\u2019de iki ticari geminin \u00e7arp\u0131\u015fmas\u0131na ili\u015fkin soru\u015fturmada ALSU gemisine ait bilirki\u015fi \u00f6n raporu ortaya \u00e7\u0131kt\u0131. Raporda facian\u0131n temelinde \u201c\u00e7ift tarafl\u0131 k\u00f6pr\u00fc\u00fcst\u00fc disiplinsizli\u011fi, vardiya standartlar\u0131n\u0131n tamamen terk edilmesi ve durumsal fark\u0131ndal\u0131k kayb\u0131\u201d bulundu\u011fu belirtilirken, gemide tecr\u00fcbeli kaptan ve ek bir g\u00f6zc\u00fc bulunmas\u0131 halinde Tu\u011fberk \u0130mamo\u011flu\u2019nun batmas\u0131n\u0131n \u00f6nlenebilece\u011fi de\u011ferlendirildi. Silivri\u2019de iki ticari geminin \u00e7arp\u0131\u015fmas\u0131na ili\u015fkin soru\u015fturmada ALSU [&hellip;]<\/p>\n","protected":false},"author":1,"featured_media":42365,"comment_status":"open","ping_status":"open","sticky":false,"template":"","format":"standard","meta":{"footnotes":"","_links_to":"","_links_to_target":""},"categories":[1],"tags":[],"class_list":["post-42364","post","type-post","status-publish","format-standard","has-post-thumbnail","hentry","category-haberler"],"_links":{"self":[{"href":"https:\/\/www.abchukuk.com\/index.php\/wp-json\/wp\/v2\/posts\/42364","targetHints":{"allow":["GET"]}}],"collection":[{"href":"https:\/\/www.abchukuk.com\/index.php\/wp-json\/wp\/v2\/posts"}],"about":[{"href":"https:\/\/www.abchukuk.com\/index.php\/wp-json\/wp\/v2\/types\/post"}],"author":[{"embeddable":true,"href":"https:\/\/www.abchukuk.com\/index.php\/wp-json\/wp\/v2\/users\/1"}],"replies":[{"embeddable":true,"href":"https:\/\/www.abchukuk.com\/index.php\/wp-json\/wp\/v2\/comments?post=42364"}],"version-history":[{"count":0,"href":"https:\/\/www.abchukuk.com\/index.php\/wp-json\/wp\/v2\/posts\/42364\/revisions"}],"wp:featuredmedia":[{"embeddable":true,"href":"https:\/\/www.abchukuk.com\/index.php\/wp-json\/wp\/v2\/media\/42365"}],"wp:attachment":[{"href":"https:\/\/www.abchukuk.com\/index.php\/wp-json\/wp\/v2\/media?parent=42364"}],"wp:term":[{"taxonomy":"category","embeddable":true,"href":"https:\/\/www.abchukuk.com\/index.php\/wp-json\/wp\/v2\/categories?post=42364"},{"taxonomy":"post_tag","embeddable":true,"href":"https:\/\/www.abchukuk.com\/index.php\/wp-json\/wp\/v2\/tags?post=42364"}],"curies":[{"name":"wp","href":"https:\/\/api.w.org\/{rel}","templated":true}]}}