{"id":42361,"date":"2026-09-03T14:11:03","date_gmt":"2026-09-03T14:11:03","guid":{"rendered":"https:\/\/www.abchukuk.com\/index.php\/2026\/09\/03\/silivri-aciklarindaki-gemi-kazasi-9-kisi-gozaltina-alindi\/"},"modified":"2026-09-03T14:11:03","modified_gmt":"2026-09-03T14:11:03","slug":"silivri-aciklarindaki-gemi-kazasi-9-kisi-gozaltina-alindi","status":"publish","type":"post","link":"https:\/\/www.abchukuk.com\/index.php\/2026\/09\/03\/silivri-aciklarindaki-gemi-kazasi-9-kisi-gozaltina-alindi\/","title":{"rendered":"Silivri a\u00e7\u0131klar\u0131ndaki gemi kazas\u0131: 9 ki\u015fi g\u00f6zalt\u0131na al\u0131nd\u0131"},"content":{"rendered":"<p>Marmara Denizi&#8217;nde Silivri a\u00e7\u0131klar\u0131nda d\u00fcn iki gemi \u00e7arp\u0131\u015ft\u0131. Kazaya kar\u0131\u015fan gemilerden biri &#8220;dakikalar i\u00e7inde batarken,&#8221; g\u00f6zle g\u00f6r\u00fcl\u00fcr bir hasar tespit edilmedi\u011fi bildirilen di\u011fer gemideki 9 denizci g\u00f6zalt\u0131na al\u0131nd\u0131.Marmara Denizi&#8217;nde Silivri a\u00e7\u0131klar\u0131nda d\u00fcn iki gemi \u00e7arp\u0131\u015ft\u0131. Kazaya kar\u0131\u015fan gemilerden biri &#8220;dakikalar i\u00e7inde batarken,&#8221; g\u00f6zle g\u00f6r\u00fcl\u00fcr bir hasar tespit edilmedi\u011fi bildirilen di\u011fer gemideki 9 denizci g\u00f6zalt\u0131na al\u0131nd\u0131.\u00a0<a href=\"http:\/\/tr.euronews.com\/2026\/09\/03\/silivri-aciklarindaki-gemi-kazasi-9-kisi-gozaltina-alindi\" target=\"_blank\" class=\"feedzy-rss-link-icon\">Read More<\/a><\/p>","protected":false},"excerpt":{"rendered":"<p>Marmara Denizi&#8217;nde Silivri a\u00e7\u0131klar\u0131nda d\u00fcn iki gemi \u00e7arp\u0131\u015ft\u0131. Kazaya kar\u0131\u015fan gemilerden biri &#8220;dakikalar i\u00e7inde batarken,&#8221; g\u00f6zle g\u00f6r\u00fcl\u00fcr bir hasar tespit edilmedi\u011fi bildirilen di\u011fer gemideki 9 denizci g\u00f6zalt\u0131na al\u0131nd\u0131.Marmara Denizi&#8217;nde Silivri a\u00e7\u0131klar\u0131nda d\u00fcn iki gemi \u00e7arp\u0131\u015ft\u0131. Kazaya kar\u0131\u015fan gemilerden biri &#8220;dakikalar i\u00e7inde batarken,&#8221; g\u00f6zle g\u00f6r\u00fcl\u00fcr bir hasar tespit edilmedi\u011fi bildirilen di\u011fer gemideki 9 denizci g\u00f6zalt\u0131na al\u0131nd\u0131.\u00a0Read [&hellip;]<\/p>\n","protected":false},"author":1,"featured_media":0,"comment_status":"open","ping_status":"open","sticky":false,"template":"","format":"standard","meta":{"footnotes":"","_links_to":"","_links_to_target":""},"categories":[1],"tags":[],"class_list":["post-42361","post","type-post","status-publish","format-standard","hentry","category-haberler"],"_links":{"self":[{"href":"https:\/\/www.abchukuk.com\/index.php\/wp-json\/wp\/v2\/posts\/42361","targetHints":{"allow":["GET"]}}],"collection":[{"href":"https:\/\/www.abchukuk.com\/index.php\/wp-json\/wp\/v2\/posts"}],"about":[{"href":"https:\/\/www.abchukuk.com\/index.php\/wp-json\/wp\/v2\/types\/post"}],"author":[{"embeddable":true,"href":"https:\/\/www.abchukuk.com\/index.php\/wp-json\/wp\/v2\/users\/1"}],"replies":[{"embeddable":true,"href":"https:\/\/www.abchukuk.com\/index.php\/wp-json\/wp\/v2\/comments?post=42361"}],"version-history":[{"count":0,"href":"https:\/\/www.abchukuk.com\/index.php\/wp-json\/wp\/v2\/posts\/42361\/revisions"}],"wp:attachment":[{"href":"https:\/\/www.abchukuk.com\/index.php\/wp-json\/wp\/v2\/media?parent=42361"}],"wp:term":[{"taxonomy":"category","embeddable":true,"href":"https:\/\/www.abchukuk.com\/index.php\/wp-json\/wp\/v2\/categories?post=42361"},{"taxonomy":"post_tag","embeddable":true,"href":"https:\/\/www.abchukuk.com\/index.php\/wp-json\/wp\/v2\/tags?post=42361"}],"curies":[{"name":"wp","href":"https:\/\/api.w.org\/{rel}","templated":true}]}}