{"id":42359,"date":"2026-09-03T14:42:16","date_gmt":"2026-09-03T14:42:16","guid":{"rendered":"https:\/\/www.abchukuk.com\/index.php\/2026\/09\/03\/silvan-adliyesinde-yeni-adli-yil-basladi-bassavci-mehmet-ozbeyden-adalet-ve-guven-vurgusu\/"},"modified":"2026-09-03T14:42:16","modified_gmt":"2026-09-03T14:42:16","slug":"silvan-adliyesinde-yeni-adli-yil-basladi-bassavci-mehmet-ozbeyden-adalet-ve-guven-vurgusu","status":"publish","type":"post","link":"https:\/\/www.abchukuk.com\/index.php\/2026\/09\/03\/silvan-adliyesinde-yeni-adli-yil-basladi-bassavci-mehmet-ozbeyden-adalet-ve-guven-vurgusu\/","title":{"rendered":"Silvan Adliyesi\u2019nde yeni adli y\u0131l ba\u015flad\u0131: Ba\u015fsavc\u0131 Mehmet \u00d6zbey\u2019den adalet ve g\u00fcven vurgusu"},"content":{"rendered":"<p>\u00a0<\/p>\n<p><strong>SON.TV\/D\u0130YARBAKIR<\/strong><\/p>\n<p><strong>2026-2027 Adli Y\u0131l\u0131\u2019<\/strong>n\u0131n ba\u015flamas\u0131 dolay\u0131s\u0131yla Silvan Cumhuriyet Ba\u015fsavc\u0131l\u0131\u011f\u0131 taraf\u0131ndan <strong>Silvan Adliyesi<\/strong>\u2019nde program ger\u00e7ekle\u015ftirildi. Ba\u015fsavc\u0131l\u0131k kat\u0131nda d\u00fczenlenen programa <strong>Silvan Cumhuriyet Ba\u015fsavc\u0131s\u0131 Mehmet \u00d6zbey<\/strong>\u2019in yan\u0131 s\u0131ra h\u00e2kimler, Cumhuriyet savc\u0131lar\u0131 ve adliye personeli kat\u0131ld\u0131.<\/p>\n<p><img fetchpriority=\"high\" decoding=\"async\" class=\"alignnone size-medium wp-image-197580\" src=\"https:\/\/www.son.tv\/wp-content\/uploads\/2026\/09\/e28d522c-cee9-42d6-9dc2-140119ce5859-300x200.jpeg\" alt=\"\" width=\"300\" height=\"200\" \/> <img decoding=\"async\" class=\"alignnone size-medium wp-image-197581\" src=\"https:\/\/www.son.tv\/wp-content\/uploads\/2026\/09\/d08dd990-6b3c-44cd-bb20-8e36b0ecdd59-300x200.jpeg\" alt=\"\" width=\"300\" height=\"200\" \/> <img decoding=\"async\" class=\"alignnone size-medium wp-image-197582\" src=\"https:\/\/www.son.tv\/wp-content\/uploads\/2026\/09\/22ecfb38-7f46-4c58-8805-1b035d2d5042-300x200.jpeg\" alt=\"\" width=\"300\" height=\"200\" \/><\/p>\n<p><strong>BA\u015eSAVCI \u00d6ZBEY YARGI MENSUPLARIYLA B\u0130R ARAYA GELD\u0130<\/strong><\/p>\n<p>Yeni adli y\u0131l dolay\u0131s\u0131yla ger\u00e7ekle\u015ftirilen program, <strong>Silvan<\/strong> <strong>Adliyesi\u2019<\/strong>nde g\u00f6rev yapan yarg\u0131 mensuplar\u0131 ile adliye personelini bir araya getirdi.<\/p>\n<p><strong>Silvan Cumhuriyet Ba\u015fsavc\u0131s\u0131 Mehmet \u00d6zbey<\/strong>, programda yeni adli y\u0131l\u0131n \u00fclkeye, millete ve yarg\u0131 camias\u0131na hay\u0131rl\u0131 olmas\u0131 temennisini dile getirdi.<\/p>\n<p><img loading=\"lazy\" decoding=\"async\" loading=\"lazy\" class=\"alignnone size-medium wp-image-197584\" src=\"https:\/\/www.son.tv\/wp-content\/uploads\/2026\/09\/58c6c5b4-f6f4-4446-abc2-d5a4a2c46961-300x200.jpeg\" alt=\"\" width=\"300\" height=\"200\" \/><\/p>\n<p><strong>ETK\u0130N, HIZLI VE G\u00dcVEN\u0130L\u0130R YARGI H\u0130ZMET\u0130 VURGUSU<\/strong><\/p>\n<p><strong>Ba\u015fsavc\u0131 Mehmet \u00d6zbey<\/strong>, adalet hizmetlerinin toplumun yarg\u0131ya duydu\u011fu g\u00fcvenin temel unsurlar\u0131ndan biri oldu\u011funa dikkat \u00e7ekti.<\/p>\n<p><strong>\u00d6zbey, 2026-2027 Adli Y\u0131l\u0131<\/strong>\u2019nda da <strong>Silvan<\/strong> <strong>Adliyesi<\/strong>\u2019nde yarg\u0131 hizmetlerinin etkin, h\u0131zl\u0131, tarafs\u0131z ve g\u00fcvenilir \u015fekilde s\u00fcrd\u00fcr\u00fclmesi y\u00f6n\u00fcndeki \u00e7al\u0131\u015fmalar\u0131n devam edece\u011fini ifade etti.<\/p>\n<p><strong>H\u00c2K\u0130M, SAVCI VE ADL\u0130YE PERSONEL\u0130NE BA\u015eARI D\u0130LED\u0130<\/strong><\/p>\n<p><strong>Silvan Cumhuriyet Ba\u015fsavc\u0131s\u0131 Mehmet \u00d6zbey<\/strong>, adalet hizmetlerinin y\u00fcr\u00fct\u00fclmesinde h\u00e2kimler ve Cumhuriyet savc\u0131lar\u0131n\u0131n yan\u0131 s\u0131ra adliye personelinin de \u00f6nemli g\u00f6rev ve sorumluluklar \u00fcstlendi\u011fini belirtti.<\/p>\n<p><strong>Ba\u015fsavc\u0131 \u00d6zbey<\/strong>, yeni adli y\u0131l dolay\u0131s\u0131yla birlikte g\u00f6rev yapt\u0131\u011f\u0131 h\u00e2kim, Cumhuriyet savc\u0131lar\u0131 ve adliye \u00e7al\u0131\u015fanlar\u0131na sa\u011fl\u0131k, huzur ve ba\u015far\u0131 dileklerini iletti.<\/p>\n<p><img loading=\"lazy\" decoding=\"async\" loading=\"lazy\" class=\"alignnone size-medium wp-image-197585\" src=\"https:\/\/www.son.tv\/wp-content\/uploads\/2026\/09\/ccf34048-a9fa-474a-88ba-0c1cbeccca21-1-300x200.jpeg\" alt=\"\" width=\"300\" height=\"200\" \/><\/p>\n<p><strong>S\u0130LVAN ADL\u0130YES\u0130\u2019NDE YEN\u0130 D\u00d6NEM<\/strong><\/p>\n<p><strong>Silvan Adliyesi\u2019<\/strong>nde yeni adli y\u0131l, <strong>2026 y\u0131l\u0131 HSK Ana Kararnamesi<\/strong> sonras\u0131nda olu\u015fan yeni kadro yap\u0131s\u0131yla ba\u015flad\u0131. Kararname kapsam\u0131nda <strong>Silvan Adliyesi<\/strong>\u2019nden 6 h\u00e2kim ile 3 Cumhuriyet savc\u0131s\u0131n\u0131n farkl\u0131 g\u00f6rev yerlerine atamas\u0131 yap\u0131l\u0131rken, <strong>Silvan<\/strong>\u2019a 5 h\u00e2kim ve 2 Cumhuriyet savc\u0131s\u0131 atanm\u0131\u015ft\u0131.<span class=\"Apple-converted-space\">\u00a0<\/span><\/p>\n<p>Yeni adli y\u0131l program\u0131nda <strong>Silvan Adliyesi<\/strong>\u2019ndeki \u00e7al\u0131\u015fma birlikteli\u011fi ve adalet hizmetlerinin etkin \u015fekilde y\u00fcr\u00fct\u00fclmesi \u00fczerinde duruldu.<\/p>\n<p><img loading=\"lazy\" decoding=\"async\" loading=\"lazy\" class=\"alignnone size-medium wp-image-197587\" src=\"https:\/\/www.son.tv\/wp-content\/uploads\/2026\/09\/IMG_8543-300x225.jpeg\" alt=\"\" width=\"300\" height=\"225\" \/><\/p>\n<p><strong>PROGRAM SOHBET VE \u0130KRAMLARLA SONA ERD\u0130<\/strong><\/p>\n<p><strong>Silvan Cumhuriyet Ba\u015fsavc\u0131l\u0131\u011f\u0131<\/strong> taraf\u0131ndan ger\u00e7ekle\u015ftirilen program, yarg\u0131 mensuplar\u0131 ve adliye \u00e7al\u0131\u015fanlar\u0131n\u0131n bir araya geldi\u011fi sohbet ve ikramlar\u0131n ard\u0131ndan sona erdi.<\/p>\n<p><strong>Ba\u015fsavc\u0131l\u0131k<\/strong>, adalet hizmetlerinin etkin ve nitelikli \u015fekilde sunulmas\u0131na y\u00f6nelik \u00e7al\u0131\u015fmalar\u0131n yeni adli y\u0131lda da s\u00fcrd\u00fcr\u00fclece\u011fini bildirdi.<\/p>\n<p><strong>ET\u0130KETLER: #Silvan #SilvanAdliyesi #Mehmet\u00d6zbey #SilvanCumhuriyetBa\u015fsavc\u0131l\u0131\u011f\u0131 #Diyarbak\u0131r #YeniAdliY\u0131l #AdliY\u0131l #Yarg\u0131 #Adalet #HSK<\/strong><\/p>\n<p>Silvan Adliyesi\u2019nde 2026-2027 Adli Y\u0131l\u0131, Silvan Cumhuriyet Ba\u015fsavc\u0131l\u0131\u011f\u0131 taraf\u0131ndan d\u00fczenlenen programla ba\u015flad\u0131. Silvan Cumhuriyet Ba\u015fsavc\u0131s\u0131 Mehmet \u00d6zbey, yeni adli y\u0131l\u0131n \u00fclkeye, millete ve yarg\u0131 camias\u0131na hay\u0131rl\u0131 olmas\u0131 temennisinde bulunurken, adalet hizmetlerinin etkin, h\u0131zl\u0131, tarafs\u0131z ve g\u00fcvenilir \u015fekilde s\u00fcrd\u00fcr\u00fclmesine vurgu yapt\u0131.\u00a0<a href=\"https:\/\/www.son.tv\/silvan-adliyesinde-yeni-adli-yil-basladi-bassavci-mehmet-ozbeyden-adalet-ve-guven-vurgusu\/\" target=\"_blank\" class=\"feedzy-rss-link-icon\">Read More<\/a><\/p>","protected":false},"excerpt":{"rendered":"<p>\u00a0 SON.TV\/D\u0130YARBAKIR 2026-2027 Adli Y\u0131l\u0131\u2019n\u0131n ba\u015flamas\u0131 dolay\u0131s\u0131yla Silvan Cumhuriyet Ba\u015fsavc\u0131l\u0131\u011f\u0131 taraf\u0131ndan Silvan Adliyesi\u2019nde program ger\u00e7ekle\u015ftirildi. Ba\u015fsavc\u0131l\u0131k kat\u0131nda d\u00fczenlenen programa Silvan Cumhuriyet Ba\u015fsavc\u0131s\u0131 Mehmet \u00d6zbey\u2019in yan\u0131 s\u0131ra h\u00e2kimler, Cumhuriyet savc\u0131lar\u0131 ve adliye personeli kat\u0131ld\u0131. BA\u015eSAVCI \u00d6ZBEY YARGI MENSUPLARIYLA B\u0130R ARAYA GELD\u0130 Yeni adli y\u0131l dolay\u0131s\u0131yla ger\u00e7ekle\u015ftirilen program, Silvan Adliyesi\u2019nde g\u00f6rev yapan yarg\u0131 mensuplar\u0131 ile adliye personelini [&hellip;]<\/p>\n","protected":false},"author":1,"featured_media":42360,"comment_status":"open","ping_status":"open","sticky":false,"template":"","format":"standard","meta":{"footnotes":"","_links_to":"","_links_to_target":""},"categories":[1],"tags":[],"class_list":["post-42359","post","type-post","status-publish","format-standard","has-post-thumbnail","hentry","category-haberler"],"_links":{"self":[{"href":"https:\/\/www.abchukuk.com\/index.php\/wp-json\/wp\/v2\/posts\/42359","targetHints":{"allow":["GET"]}}],"collection":[{"href":"https:\/\/www.abchukuk.com\/index.php\/wp-json\/wp\/v2\/posts"}],"about":[{"href":"https:\/\/www.abchukuk.com\/index.php\/wp-json\/wp\/v2\/types\/post"}],"author":[{"embeddable":true,"href":"https:\/\/www.abchukuk.com\/index.php\/wp-json\/wp\/v2\/users\/1"}],"replies":[{"embeddable":true,"href":"https:\/\/www.abchukuk.com\/index.php\/wp-json\/wp\/v2\/comments?post=42359"}],"version-history":[{"count":0,"href":"https:\/\/www.abchukuk.com\/index.php\/wp-json\/wp\/v2\/posts\/42359\/revisions"}],"wp:featuredmedia":[{"embeddable":true,"href":"https:\/\/www.abchukuk.com\/index.php\/wp-json\/wp\/v2\/media\/42360"}],"wp:attachment":[{"href":"https:\/\/www.abchukuk.com\/index.php\/wp-json\/wp\/v2\/media?parent=42359"}],"wp:term":[{"taxonomy":"category","embeddable":true,"href":"https:\/\/www.abchukuk.com\/index.php\/wp-json\/wp\/v2\/categories?post=42359"},{"taxonomy":"post_tag","embeddable":true,"href":"https:\/\/www.abchukuk.com\/index.php\/wp-json\/wp\/v2\/tags?post=42359"}],"curies":[{"name":"wp","href":"https:\/\/api.w.org\/{rel}","templated":true}]}}