{"id":42357,"date":"2026-09-03T14:52:00","date_gmt":"2026-09-03T14:52:00","guid":{"rendered":"https:\/\/www.abchukuk.com\/index.php\/2026\/09\/03\/ozgur-celikten-uskudarda-secim-oncesinde-yapilan-gozaltilara-tepki-bu-yontem-kaybedenlerin-yontemidir\/"},"modified":"2026-09-03T14:52:00","modified_gmt":"2026-09-03T14:52:00","slug":"ozgur-celikten-uskudarda-secim-oncesinde-yapilan-gozaltilara-tepki-bu-yontem-kaybedenlerin-yontemidir","status":"publish","type":"post","link":"https:\/\/www.abchukuk.com\/index.php\/2026\/09\/03\/ozgur-celikten-uskudarda-secim-oncesinde-yapilan-gozaltilara-tepki-bu-yontem-kaybedenlerin-yontemidir\/","title":{"rendered":"\u00d6zg\u00fcr \u00c7elik&#8217;ten, \u00dcsk\u00fcdar&#8217;da se\u00e7im \u00f6ncesinde yap\u0131lan g\u00f6zalt\u0131lara tepki: &#8216;Bu y\u00f6ntem, kaybedenlerin y\u00f6ntemidir!&#8217;"},"content":{"rendered":"<p>YEN\u0130 Parti \u0130stanbul \u0130l Ba\u015fkan\u0131 \u00d6zg\u00fcr \u00c7elik, \u0130BB ve \u00dcsk\u00fcdar Belediyesi\u2019ne y\u00f6nelik operasyonlara tepki g\u00f6stererek, 13 \u0130BB b\u00fcrokrat\u0131 ile 3 \u00dcsk\u00fcdar Belediye Meclisi \u00fcyesinin g\u00f6zalt\u0131na al\u0131nmas\u0131n\u0131 \u201ckaybedenlerin y\u00f6ntemi\u201d olarak nitelendirdi. \u00c7elik, \u00dcsk\u00fcdar Belediye Ba\u015fkan Vekilli\u011fi se\u00e7iminin iptal edilmesi ve yeni se\u00e7im \u00f6ncesi g\u00f6zalt\u0131larla siyasi bir kumpas kuruldu\u011funu savunarak, \u201cT\u00fcrkiye\u2019de YEN\u0130 bir d\u00f6nem ba\u015flayacak\u201d dedi.YEN\u0130 Parti \u0130stanbul \u0130l Ba\u015fkan\u0131 \u00d6zg\u00fcr \u00c7elik, \u0130BB ve \u00dcsk\u00fcdar Belediyesi\u2019ne y\u00f6nelik operasyonlara tepki g\u00f6stererek, 13 \u0130BB b\u00fcrokrat\u0131 ile 3 \u00dcsk\u00fcdar Belediye Meclisi \u00fcyesinin g\u00f6zalt\u0131na al\u0131nmas\u0131n\u0131 \u201ckaybedenlerin y\u00f6ntemi\u201d olarak nitelendirdi. \u00c7elik, \u00dcsk\u00fcdar Belediye Ba\u015fkan Vekilli\u011fi se\u00e7iminin iptal edilmesi ve yeni se\u00e7im \u00f6ncesi g\u00f6zalt\u0131larla siyasi bir kumpas kuruldu\u011funu savunarak, \u201cT\u00fcrkiye\u2019de YEN\u0130 bir d\u00f6nem ba\u015flayacak\u201d dedi.\u00a0<a href=\"https:\/\/www.cumhuriyet.com.tr\/siyaset\/ozgur-celik-ten-uskudar-da-secim-oncesinde-yapilan-gozaltilara-tepki-bu-yontem-kaybedenlerin-yontemidir-2534669\" target=\"_blank\" class=\"feedzy-rss-link-icon\">Read More<\/a><\/p>","protected":false},"excerpt":{"rendered":"<p>YEN\u0130 Parti \u0130stanbul \u0130l Ba\u015fkan\u0131 \u00d6zg\u00fcr \u00c7elik, \u0130BB ve \u00dcsk\u00fcdar Belediyesi\u2019ne y\u00f6nelik operasyonlara tepki g\u00f6stererek, 13 \u0130BB b\u00fcrokrat\u0131 ile 3 \u00dcsk\u00fcdar Belediye Meclisi \u00fcyesinin g\u00f6zalt\u0131na al\u0131nmas\u0131n\u0131 \u201ckaybedenlerin y\u00f6ntemi\u201d olarak nitelendirdi. \u00c7elik, \u00dcsk\u00fcdar Belediye Ba\u015fkan Vekilli\u011fi se\u00e7iminin iptal edilmesi ve yeni se\u00e7im \u00f6ncesi g\u00f6zalt\u0131larla siyasi bir kumpas kuruldu\u011funu savunarak, \u201cT\u00fcrkiye\u2019de YEN\u0130 bir d\u00f6nem ba\u015flayacak\u201d dedi.YEN\u0130 Parti [&hellip;]<\/p>\n","protected":false},"author":1,"featured_media":42358,"comment_status":"open","ping_status":"open","sticky":false,"template":"","format":"standard","meta":{"footnotes":"","_links_to":"","_links_to_target":""},"categories":[1],"tags":[],"class_list":["post-42357","post","type-post","status-publish","format-standard","has-post-thumbnail","hentry","category-haberler"],"_links":{"self":[{"href":"https:\/\/www.abchukuk.com\/index.php\/wp-json\/wp\/v2\/posts\/42357","targetHints":{"allow":["GET"]}}],"collection":[{"href":"https:\/\/www.abchukuk.com\/index.php\/wp-json\/wp\/v2\/posts"}],"about":[{"href":"https:\/\/www.abchukuk.com\/index.php\/wp-json\/wp\/v2\/types\/post"}],"author":[{"embeddable":true,"href":"https:\/\/www.abchukuk.com\/index.php\/wp-json\/wp\/v2\/users\/1"}],"replies":[{"embeddable":true,"href":"https:\/\/www.abchukuk.com\/index.php\/wp-json\/wp\/v2\/comments?post=42357"}],"version-history":[{"count":0,"href":"https:\/\/www.abchukuk.com\/index.php\/wp-json\/wp\/v2\/posts\/42357\/revisions"}],"wp:featuredmedia":[{"embeddable":true,"href":"https:\/\/www.abchukuk.com\/index.php\/wp-json\/wp\/v2\/media\/42358"}],"wp:attachment":[{"href":"https:\/\/www.abchukuk.com\/index.php\/wp-json\/wp\/v2\/media?parent=42357"}],"wp:term":[{"taxonomy":"category","embeddable":true,"href":"https:\/\/www.abchukuk.com\/index.php\/wp-json\/wp\/v2\/categories?post=42357"},{"taxonomy":"post_tag","embeddable":true,"href":"https:\/\/www.abchukuk.com\/index.php\/wp-json\/wp\/v2\/tags?post=42357"}],"curies":[{"name":"wp","href":"https:\/\/api.w.org\/{rel}","templated":true}]}}