{"id":42353,"date":"2026-09-03T12:17:41","date_gmt":"2026-09-03T12:17:41","guid":{"rendered":"https:\/\/www.abchukuk.com\/index.php\/2026\/09\/03\/alsudaki-6-supheli-adliyede\/"},"modified":"2026-09-03T12:17:41","modified_gmt":"2026-09-03T12:17:41","slug":"alsudaki-6-supheli-adliyede","status":"publish","type":"post","link":"https:\/\/www.abchukuk.com\/index.php\/2026\/09\/03\/alsudaki-6-supheli-adliyede\/","title":{"rendered":"Alsu&#8217;daki 6 \u015f\u00fcpheli adliyede"},"content":{"rendered":"<p>Marmara Denizi&#8217;nde Silivri a\u00e7\u0131klar\u0131nda d\u00fcn meydana gelen gemi kazas\u0131na ili\u015fkin soru\u015fturma a\u00e7\u0131ld\u0131. Soru\u015fturma kapsam\u0131nda iki geminin kay\u0131tlar\u0131 inceleme alt\u0131na al\u0131n\u0131rken telsiz kay\u0131tlar\u0131 da talep edildi. Tu\u011fberk \u0130mamo\u011flu gemisinin batt\u0131\u011f\u0131 alanda deniz kirlili\u011fi tespit edilirken b\u00f6lgede \u00e7al\u0131\u015fmalar yap\u0131lacak. \u00d6te yandan Silivri a\u00e7\u0131klar\u0131nda iki geminin \u00e7arp\u0131\u015ft\u0131\u011f\u0131 kazaya ili\u015fkin Alsu gemisindeki 9 \u015f\u00fcpheli g\u00f6zalt\u0131na al\u0131nd\u0131. G\u00f6zalt\u0131na al\u0131nan 9 m\u00fcrettebattan 6&#8217;s\u0131 adliyeye sevk edildiMarmara Denizi&#8217;nde Silivri a\u00e7\u0131klar\u0131nda d\u00fcn meydana gelen gemi kazas\u0131na ili\u015fkin soru\u015fturma a\u00e7\u0131ld\u0131. Soru\u015fturma kapsam\u0131nda iki geminin kay\u0131tlar\u0131 inceleme alt\u0131na al\u0131n\u0131rken telsiz kay\u0131tlar\u0131 da talep edildi. Tu\u011fberk \u0130mamo\u011flu gemisinin batt\u0131\u011f\u0131 alanda deniz kirlili\u011fi tespit edilirken b\u00f6lgede \u00e7al\u0131\u015fmalar yap\u0131lacak. \u00d6te yandan Silivri a\u00e7\u0131klar\u0131nda iki geminin \u00e7arp\u0131\u015ft\u0131\u011f\u0131 kazaya ili\u015fkin Alsu gemisindeki 9 \u015f\u00fcpheli g\u00f6zalt\u0131na al\u0131nd\u0131. G\u00f6zalt\u0131na al\u0131nan 9 m\u00fcrettebattan 6&#8217;s\u0131 adliyeye sevk edildi\u00a0<a href=\"https:\/\/www.haberturk.com\/son-dakika-haberi-silivri-deki-gemi-kazasiyla-ilgili-baslatilan-sorusturmanin-detaylari-ortaya-cikti-3909901\" target=\"_blank\" class=\"feedzy-rss-link-icon\">Read More<\/a><\/p>","protected":false},"excerpt":{"rendered":"<p>Marmara Denizi&#8217;nde Silivri a\u00e7\u0131klar\u0131nda d\u00fcn meydana gelen gemi kazas\u0131na ili\u015fkin soru\u015fturma a\u00e7\u0131ld\u0131. Soru\u015fturma kapsam\u0131nda iki geminin kay\u0131tlar\u0131 inceleme alt\u0131na al\u0131n\u0131rken telsiz kay\u0131tlar\u0131 da talep edildi. Tu\u011fberk \u0130mamo\u011flu gemisinin batt\u0131\u011f\u0131 alanda deniz kirlili\u011fi tespit edilirken b\u00f6lgede \u00e7al\u0131\u015fmalar yap\u0131lacak. \u00d6te yandan Silivri a\u00e7\u0131klar\u0131nda iki geminin \u00e7arp\u0131\u015ft\u0131\u011f\u0131 kazaya ili\u015fkin Alsu gemisindeki 9 \u015f\u00fcpheli g\u00f6zalt\u0131na al\u0131nd\u0131. G\u00f6zalt\u0131na al\u0131nan 9 [&hellip;]<\/p>\n","protected":false},"author":1,"featured_media":0,"comment_status":"open","ping_status":"open","sticky":false,"template":"","format":"standard","meta":{"footnotes":"","_links_to":"","_links_to_target":""},"categories":[1],"tags":[],"class_list":["post-42353","post","type-post","status-publish","format-standard","hentry","category-haberler"],"_links":{"self":[{"href":"https:\/\/www.abchukuk.com\/index.php\/wp-json\/wp\/v2\/posts\/42353","targetHints":{"allow":["GET"]}}],"collection":[{"href":"https:\/\/www.abchukuk.com\/index.php\/wp-json\/wp\/v2\/posts"}],"about":[{"href":"https:\/\/www.abchukuk.com\/index.php\/wp-json\/wp\/v2\/types\/post"}],"author":[{"embeddable":true,"href":"https:\/\/www.abchukuk.com\/index.php\/wp-json\/wp\/v2\/users\/1"}],"replies":[{"embeddable":true,"href":"https:\/\/www.abchukuk.com\/index.php\/wp-json\/wp\/v2\/comments?post=42353"}],"version-history":[{"count":0,"href":"https:\/\/www.abchukuk.com\/index.php\/wp-json\/wp\/v2\/posts\/42353\/revisions"}],"wp:attachment":[{"href":"https:\/\/www.abchukuk.com\/index.php\/wp-json\/wp\/v2\/media?parent=42353"}],"wp:term":[{"taxonomy":"category","embeddable":true,"href":"https:\/\/www.abchukuk.com\/index.php\/wp-json\/wp\/v2\/categories?post=42353"},{"taxonomy":"post_tag","embeddable":true,"href":"https:\/\/www.abchukuk.com\/index.php\/wp-json\/wp\/v2\/tags?post=42353"}],"curies":[{"name":"wp","href":"https:\/\/api.w.org\/{rel}","templated":true}]}}