{"id":42352,"date":"2026-09-03T12:19:02","date_gmt":"2026-09-03T12:19:02","guid":{"rendered":"https:\/\/www.abchukuk.com\/index.php\/2026\/09\/03\/kizilcahamam-bassavcisi-serife-evleksizden-yeni-adli-yil-mesaji-yargiya-guven-pekissin\/"},"modified":"2026-09-03T12:19:02","modified_gmt":"2026-09-03T12:19:02","slug":"kizilcahamam-bassavcisi-serife-evleksizden-yeni-adli-yil-mesaji-yargiya-guven-pekissin","status":"publish","type":"post","link":"https:\/\/www.abchukuk.com\/index.php\/2026\/09\/03\/kizilcahamam-bassavcisi-serife-evleksizden-yeni-adli-yil-mesaji-yargiya-guven-pekissin\/","title":{"rendered":"K\u0131z\u0131lcahamam Ba\u015fsavc\u0131s\u0131 \u015eerife Evleksiz\u2019den yeni adli y\u0131l mesaj\u0131: Yarg\u0131ya g\u00fcven peki\u015fsin"},"content":{"rendered":"<p><strong>SON.TV\/ANKARA<\/strong><\/p>\n<p><strong>2026-2027 Adli Y\u0131l\u0131\u2019<\/strong>n\u0131n ba\u015flamas\u0131 dolay\u0131s\u0131yla <strong>K\u0131z\u0131lcahamam Cumhuriyet Ba\u015fsavc\u0131s\u0131 \u015eerife Evleksiz<\/strong> bir mesaj yay\u0131mlad\u0131. <strong>Evleksiz<\/strong>, yeni adli y\u0131l\u0131n \u00fclkeye, millete ve yarg\u0131 camias\u0131na hay\u0131rl\u0131 olmas\u0131 dile\u011fini iletirken, adalet te\u015fkilat\u0131nda g\u00f6rev yapan h\u00e2kim, savc\u0131, avukat ve \u00e7al\u0131\u015fanlara da sa\u011fl\u0131k, huzur ve ba\u015far\u0131 temennisinde bulundu.<\/p>\n<p><strong>\u201cADALET H\u0130ZMETLER\u0130 DAHA DA G\u00dc\u00c7LENS\u0130N\u201d<\/strong><\/p>\n<p><strong>Ba\u015fsavc\u0131 \u015eerife Evleksiz, mesaj\u0131nda 2026-2027 Adli Y\u0131l\u0131\u2019<\/strong>n\u0131n <strong>Adalet Bakan\u0131 Ak\u0131n G\u00fcrlek\u2019<\/strong>in \u00f6nc\u00fcl\u00fc\u011f\u00fcnde adalet hizmetlerinin daha da g\u00fc\u00e7lendi\u011fi bir d\u00f6nem olmas\u0131 temennisini dile getirdi.<\/p>\n<p><strong>Evleksiz<\/strong>, yeni adli y\u0131lda hukukun \u00fcst\u00fcnl\u00fc\u011f\u00fc ile yarg\u0131ya duyulan g\u00fcvenin daha da peki\u015fmesi y\u00f6n\u00fcndeki beklentisini ifade etti.<\/p>\n<p><strong>Ba\u015fsavc\u0131 Evleksiz<\/strong> mesaj\u0131nda \u015fu ifadeleri kulland\u0131:<\/p>\n<p>\u201c<strong>2026-2027 Adli Y\u0131l\u0131\u2019n\u0131n; Adalet Bakan\u0131m\u0131z Say\u0131n Ak\u0131n G\u00fcrlek\u2019in \u00f6nc\u00fcl\u00fc\u011f\u00fcnde, adalet hizmetlerinin daha da g\u00fc\u00e7lendi\u011fi, hukukun \u00fcst\u00fcnl\u00fc\u011f\u00fcn\u00fcn ve yarg\u0131ya duyulan g\u00fcvenin peki\u015fti\u011fi bir d\u00f6nem olmas\u0131n\u0131 temenni ediyorum.\u201d<\/strong><\/p>\n<p><strong>YARGI MENSUPLARINA BA\u015eARI D\u0130LED\u0130<\/strong><\/p>\n<p><strong>K\u0131z\u0131lcahamam Cumhuriyet Ba\u015fsavc\u0131s\u0131 \u015eerife Evleksiz,<\/strong> adalet hizmetlerinin y\u00fcr\u00fct\u00fclmesinde g\u00f6rev alan t\u00fcm yarg\u0131 mensuplar\u0131 ve adalet te\u015fkilat\u0131 \u00e7al\u0131\u015fanlar\u0131na da seslendi.<\/p>\n<p><strong>Evleksiz, \u201cAdaletin tecellisi i\u00e7in fedak\u00e2rca g\u00f6rev yapan t\u00fcm h\u00e2kimlerimize, savc\u0131lar\u0131m\u0131za, avukatlar\u0131m\u0131za ve adalet te\u015fkilat\u0131 \u00e7al\u0131\u015fanlar\u0131m\u0131za sa\u011fl\u0131k, huzur ve ba\u015far\u0131lar diliyorum\u201d<\/strong> ifadelerini kulland\u0131.<\/p>\n<p><strong>\u201cYEN\u0130 ADL\u0130 YIL HAYIRLI OLSUN\u201d<\/strong><\/p>\n<p><strong>Ba\u015fsavc\u0131 Evleksiz,<\/strong> mesaj\u0131n\u0131 yeni adli y\u0131l\u0131n <strong>T\u00fcrkiye<\/strong>, millet ve yarg\u0131 camias\u0131 i\u00e7in hay\u0131rl\u0131 olmas\u0131 temennisiyle tamamlad\u0131.<\/p>\n<p><strong>Evleksiz, \u201cYeni adli y\u0131l\u0131n \u00fclkemize, milletimize ve yarg\u0131 camiam\u0131za hay\u0131rl\u0131 olmas\u0131n\u0131 dilerim\u201d<\/strong> dedi.<\/p>\n<p><strong>\u015eER\u0130FE EVLEKS\u0130Z KIZILCAHAMAM BA\u015eSAVCILI\u011eINA ATANMI\u015eTI<\/strong><\/p>\n<p><strong>\u015eerife Evleksiz, H\u00e2kimler ve Savc\u0131lar Kurulu Birinci Dairesinin 20 Nisan 2026 tarihli adli yarg\u0131 kararnamesiyle Ankara Bat\u0131 Cumhuriyet Savc\u0131l\u0131\u011f\u0131 g\u00f6revinden K\u0131z\u0131lcahamam Cumhuriyet Ba\u015fsavc\u0131l\u0131\u011f\u0131na atanm\u0131\u015ft\u0131.<\/strong><\/p>\n<p><strong>Evleksiz<\/strong>, <strong>K\u0131z\u0131lcahamam Cumhuriyet Ba\u015fsavc\u0131s\u0131<\/strong> olarak g\u00f6revini s\u00fcrd\u00fcr\u00fcyor.<\/p>\n<p><strong>ET\u0130KETLER: #\u015eerifeEvleksiz #K\u0131z\u0131lcahamam #K\u0131z\u0131lcahamamAdliyesi #AdliY\u0131l #AdliY\u0131l2026 #Ak\u0131nG\u00fcrlek #AdaletBakanl\u0131\u011f\u0131 #Yarg\u0131 #Hukukun\u00dcst\u00fcnl\u00fc\u011f\u00fc #Adalet #SonTV<\/strong><\/p>\n<p>K\u0131z\u0131lcahamam Cumhuriyet Ba\u015fsavc\u0131s\u0131 \u015eerife Evleksiz, 2026-2027 Adli Y\u0131l\u0131 dolay\u0131s\u0131yla yay\u0131mlad\u0131\u011f\u0131 mesajda, yeni d\u00f6nemin Adalet Bakan\u0131 Ak\u0131n G\u00fcrlek\u2019in \u00f6nc\u00fcl\u00fc\u011f\u00fcnde adalet hizmetlerinin daha da g\u00fc\u00e7lendi\u011fi, hukukun \u00fcst\u00fcnl\u00fc\u011f\u00fcn\u00fcn ve yarg\u0131ya duyulan g\u00fcvenin peki\u015fti\u011fi bir d\u00f6nem olmas\u0131 temennisinde bulundu.\u00a0<a href=\"https:\/\/www.son.tv\/kizilcahamam-bassavcisi-serife-evleksizden-yeni-adli-yil-mesaji-yargiya-guven-pekissin\/\" target=\"_blank\" class=\"feedzy-rss-link-icon\">Read More<\/a><\/p>","protected":false},"excerpt":{"rendered":"<p>SON.TV\/ANKARA 2026-2027 Adli Y\u0131l\u0131\u2019n\u0131n ba\u015flamas\u0131 dolay\u0131s\u0131yla K\u0131z\u0131lcahamam Cumhuriyet Ba\u015fsavc\u0131s\u0131 \u015eerife Evleksiz bir mesaj yay\u0131mlad\u0131. Evleksiz, yeni adli y\u0131l\u0131n \u00fclkeye, millete ve yarg\u0131 camias\u0131na hay\u0131rl\u0131 olmas\u0131 dile\u011fini iletirken, adalet te\u015fkilat\u0131nda g\u00f6rev yapan h\u00e2kim, savc\u0131, avukat ve \u00e7al\u0131\u015fanlara da sa\u011fl\u0131k, huzur ve ba\u015far\u0131 temennisinde bulundu. \u201cADALET H\u0130ZMETLER\u0130 DAHA DA G\u00dc\u00c7LENS\u0130N\u201d Ba\u015fsavc\u0131 \u015eerife Evleksiz, mesaj\u0131nda 2026-2027 Adli Y\u0131l\u0131\u2019n\u0131n [&hellip;]<\/p>\n","protected":false},"author":1,"featured_media":0,"comment_status":"open","ping_status":"open","sticky":false,"template":"","format":"standard","meta":{"footnotes":"","_links_to":"","_links_to_target":""},"categories":[1],"tags":[],"class_list":["post-42352","post","type-post","status-publish","format-standard","hentry","category-haberler"],"_links":{"self":[{"href":"https:\/\/www.abchukuk.com\/index.php\/wp-json\/wp\/v2\/posts\/42352","targetHints":{"allow":["GET"]}}],"collection":[{"href":"https:\/\/www.abchukuk.com\/index.php\/wp-json\/wp\/v2\/posts"}],"about":[{"href":"https:\/\/www.abchukuk.com\/index.php\/wp-json\/wp\/v2\/types\/post"}],"author":[{"embeddable":true,"href":"https:\/\/www.abchukuk.com\/index.php\/wp-json\/wp\/v2\/users\/1"}],"replies":[{"embeddable":true,"href":"https:\/\/www.abchukuk.com\/index.php\/wp-json\/wp\/v2\/comments?post=42352"}],"version-history":[{"count":0,"href":"https:\/\/www.abchukuk.com\/index.php\/wp-json\/wp\/v2\/posts\/42352\/revisions"}],"wp:attachment":[{"href":"https:\/\/www.abchukuk.com\/index.php\/wp-json\/wp\/v2\/media?parent=42352"}],"wp:term":[{"taxonomy":"category","embeddable":true,"href":"https:\/\/www.abchukuk.com\/index.php\/wp-json\/wp\/v2\/categories?post=42352"},{"taxonomy":"post_tag","embeddable":true,"href":"https:\/\/www.abchukuk.com\/index.php\/wp-json\/wp\/v2\/tags?post=42352"}],"curies":[{"name":"wp","href":"https:\/\/api.w.org\/{rel}","templated":true}]}}