{"id":42348,"date":"2026-09-03T12:46:10","date_gmt":"2026-09-03T12:46:10","guid":{"rendered":"https:\/\/www.abchukuk.com\/index.php\/2026\/09\/03\/adalet-bakani-akin-gurlekten-hskya-yeni-adli-yil-ziyareti\/"},"modified":"2026-09-03T12:46:10","modified_gmt":"2026-09-03T12:46:10","slug":"adalet-bakani-akin-gurlekten-hskya-yeni-adli-yil-ziyareti","status":"publish","type":"post","link":"https:\/\/www.abchukuk.com\/index.php\/2026\/09\/03\/adalet-bakani-akin-gurlekten-hskya-yeni-adli-yil-ziyareti\/","title":{"rendered":"Adalet Bakan\u0131 Ak\u0131n G\u00fcrlek\u2019ten HSK\u2019ya yeni adli y\u0131l ziyareti"},"content":{"rendered":"<p class=\"p1\"><strong><span class=\"s1\">SON.TV\/ANKARA<\/span><\/strong><\/p>\n<p class=\"p1\"><span class=\"s1\"><strong>2026-2027 Adli Y\u0131l\u0131\u2019<\/strong>n\u0131n ba\u015flamas\u0131n\u0131n ard\u0131ndan yarg\u0131 te\u015fkilat\u0131na y\u00f6nelik temaslar\u0131n\u0131 s\u00fcrd\u00fcren <strong>Adalet Bakan\u0131<\/strong> ve <strong>HSK Ba\u015fkan\u0131 Ak\u0131n G\u00fcrlek<\/strong>\u2019in son dura\u011f\u0131 <strong>H\u00e2kimler ve Savc\u0131lar Kurulu<\/strong> oldu.<\/span><\/p>\n<p class=\"p1\"><span class=\"s1\"><strong>G\u00fcrlek<\/strong>\u2019in <strong>HSK<\/strong> ziyaretinde yeni adli y\u0131la ili\u015fkin de\u011ferlendirmeler yap\u0131l\u0131rken, yarg\u0131 te\u015fkilat\u0131n\u0131n g\u00fcndemindeki konular da ele al\u0131nd\u0131.<\/span><\/p>\n<p class=\"p1\"><strong><span class=\"s1\">HSK\u2019DA \u00dcST D\u00dcZEY KAR\u015eILAMA<\/span><\/strong><\/p>\n<p class=\"p1\"><strong><span class=\"s1\">Adalet Bakan\u0131 ve HSK Ba\u015fkan\u0131 Ak\u0131n G\u00fcrlek, H\u00e2kimler ve Savc\u0131lar Kuruluna geli\u015finde HSK Ba\u015fkan Vekili Fuzuli Aydo\u011fdu ve Kurul \u00fcyeleri taraf\u0131ndan kar\u015f\u0131land\u0131.<\/span><\/strong><\/p>\n<p class=\"p1\"><span class=\"s1\">Kar\u015f\u0131laman\u0131n ard\u0131ndan <strong>Bakan G\u00fcrlek<\/strong> ve <strong>HSK<\/strong> \u00fcyeleri <strong>Genel Kurul<\/strong> toplant\u0131s\u0131 i\u00e7in bir araya geldi.<\/span><\/p>\n<p class=\"p1\"><strong><span class=\"s1\">G\u00dcRLEK HSK GENEL KURULUNA BA\u015eKANLIK ETT\u0130<\/span><\/strong><\/p>\n<p class=\"p1\"><span class=\"s1\"><strong>Adalet Bakan\u0131<\/strong> s\u0131fat\u0131yla ayn\u0131 zamanda <strong>H\u00e2kimler ve Savc\u0131lar Kurulu<\/strong>nun Ba\u015fkanl\u0131\u011f\u0131n\u0131 da y\u00fcr\u00fcten Ak\u0131n G\u00fcrlek, ger\u00e7ekle\u015ftirilen <strong>HSK Genel Kurul<\/strong> toplant\u0131s\u0131na ba\u015fkanl\u0131k etti.<\/span><\/p>\n<p class=\"p1\"><span class=\"s1\">Bas\u0131na kapal\u0131 ger\u00e7ekle\u015ftirilen toplant\u0131da <strong>2026-2027 Adli Y\u0131l\u0131<\/strong>\u2019n\u0131n ba\u015flamas\u0131 dolay\u0131s\u0131yla yeni d\u00f6neme ili\u015fkin de\u011ferlendirmelerde bulunuldu.<\/span><\/p>\n<p class=\"p1\"><strong><span class=\"s1\">YEN\u0130 ADL\u0130 YIL G\u00dcNDEM\u0130 ELE ALINDI<\/span><\/strong><\/p>\n<p class=\"p1\"><span class=\"s1\">Toplant\u0131da yeni adli y\u0131la ili\u015fkin temennilerin yan\u0131 s\u0131ra yarg\u0131 te\u015fkilat\u0131n\u0131n g\u00fcndemindeki konular de\u011ferlendirildi.<\/span><\/p>\n<p class=\"p1\"><span class=\"s1\"><strong>HSK\u2019<\/strong>n\u0131n yeni adli y\u0131lda y\u00fcr\u00fctece\u011fi \u00e7al\u0131\u015fmalar ile yarg\u0131 te\u015fkilat\u0131na ili\u015fkin ba\u015fl\u0131klar Kurul \u00fcyelerinin kat\u0131l\u0131m\u0131yla ele al\u0131nd\u0131.<\/span><\/p>\n<p class=\"p1\"><strong><span class=\"s1\">YARGITAY VE \u0130STANBUL\u2019UN ARDINDAN HSK\u2019YA Z\u0130YARET<\/span><\/strong><\/p>\n<p class=\"p1\"><strong><span class=\"s1\">Adalet Bakan\u0131 Ak\u0131n G\u00fcrlek, 2026-2027 Adli Y\u0131l\u0131\u2019n\u0131n ba\u015flamas\u0131yla birlikte yo\u011fun bir program y\u00fcr\u00fctt\u00fc.<\/span><\/strong><\/p>\n<p class=\"p1\"><strong><span class=\"s1\">G\u00fcrlek, 1 Eyl\u00fcl\u2019de Yarg\u0131tay Ba\u015fkanl\u0131\u011f\u0131n\u0131n ev sahipli\u011finde d\u00fczenlenen 2026-2027 Adli Y\u0131l A\u00e7\u0131l\u0131\u015f T\u00f6reni\u2019ne kat\u0131ld\u0131.<\/span><\/strong><\/p>\n<p class=\"p1\"><span class=\"s1\"><strong>Bakan G\u00fcrlek<\/strong> daha sonra <strong>\u0130stanbul\u2019<\/strong>daki \u015eehit <strong>Cumhuriyet Savc\u0131s\u0131 Mehmet Selim Kiraz Adalet Saray\u0131\u2019<\/strong>nda ger\u00e7ekle\u015ftirilen adli y\u0131l a\u00e7\u0131l\u0131\u015f program\u0131nda yarg\u0131 mensuplar\u0131yla bir araya geldi.<\/span><\/p>\n<p class=\"p1\"><span class=\"s1\"><strong>G\u00fcrlek<\/strong>\u2019in yeni adli y\u0131l kapsam\u0131ndaki temaslar\u0131n\u0131n son dura\u011f\u0131 ise <strong>H\u00e2kimler ve Savc\u0131lar Kurulu<\/strong> oldu.<\/span><\/p>\n<p class=\"p1\"><strong><span class=\"s1\">ET\u0130KETLER: #Ak\u0131nG\u00fcrlek #HSK #FuzuliAydo\u011fdu #H\u00e2kimlerVeSavc\u0131larKurulu #AdaletBakanl\u0131\u011f\u0131 #YeniAdliY\u0131l #AdliY\u0131l2026 #Yarg\u0131 #Adalet #SonTV<\/span><\/strong><\/p>\n<p class=\"p1\">\n<\/p><p>Adalet Bakan\u0131 ve H\u00e2kimler ve Savc\u0131lar Kurulu Ba\u015fkan\u0131 Ak\u0131n G\u00fcrlek, 2026-2027 Adli Y\u0131l\u0131\u2019n\u0131n ba\u015flamas\u0131 dolay\u0131s\u0131yla H\u00e2kimler ve Savc\u0131lar Kurulu\u2019nu ziyaret etti. HSK Ba\u015fkan Vekili Fuzuli Aydo\u011fdu ve Kurul \u00fcyeleri taraf\u0131ndan kar\u015f\u0131lanan G\u00fcrlek, daha sonra HSK Genel Kuruluna ba\u015fkanl\u0131k etti.\u00a0<a href=\"https:\/\/www.son.tv\/adalet-bakani-akin-gurlekten-hskya-yeni-adli-yil-ziyareti\/\" target=\"_blank\" class=\"feedzy-rss-link-icon\">Read More<\/a><\/p>","protected":false},"excerpt":{"rendered":"<p>SON.TV\/ANKARA 2026-2027 Adli Y\u0131l\u0131\u2019n\u0131n ba\u015flamas\u0131n\u0131n ard\u0131ndan yarg\u0131 te\u015fkilat\u0131na y\u00f6nelik temaslar\u0131n\u0131 s\u00fcrd\u00fcren Adalet Bakan\u0131 ve HSK Ba\u015fkan\u0131 Ak\u0131n G\u00fcrlek\u2019in son dura\u011f\u0131 H\u00e2kimler ve Savc\u0131lar Kurulu oldu. G\u00fcrlek\u2019in HSK ziyaretinde yeni adli y\u0131la ili\u015fkin de\u011ferlendirmeler yap\u0131l\u0131rken, yarg\u0131 te\u015fkilat\u0131n\u0131n g\u00fcndemindeki konular da ele al\u0131nd\u0131. HSK\u2019DA \u00dcST D\u00dcZEY KAR\u015eILAMA Adalet Bakan\u0131 ve HSK Ba\u015fkan\u0131 Ak\u0131n G\u00fcrlek, H\u00e2kimler ve Savc\u0131lar [&hellip;]<\/p>\n","protected":false},"author":1,"featured_media":0,"comment_status":"open","ping_status":"open","sticky":false,"template":"","format":"standard","meta":{"footnotes":"","_links_to":"","_links_to_target":""},"categories":[1],"tags":[],"class_list":["post-42348","post","type-post","status-publish","format-standard","hentry","category-haberler"],"_links":{"self":[{"href":"https:\/\/www.abchukuk.com\/index.php\/wp-json\/wp\/v2\/posts\/42348","targetHints":{"allow":["GET"]}}],"collection":[{"href":"https:\/\/www.abchukuk.com\/index.php\/wp-json\/wp\/v2\/posts"}],"about":[{"href":"https:\/\/www.abchukuk.com\/index.php\/wp-json\/wp\/v2\/types\/post"}],"author":[{"embeddable":true,"href":"https:\/\/www.abchukuk.com\/index.php\/wp-json\/wp\/v2\/users\/1"}],"replies":[{"embeddable":true,"href":"https:\/\/www.abchukuk.com\/index.php\/wp-json\/wp\/v2\/comments?post=42348"}],"version-history":[{"count":0,"href":"https:\/\/www.abchukuk.com\/index.php\/wp-json\/wp\/v2\/posts\/42348\/revisions"}],"wp:attachment":[{"href":"https:\/\/www.abchukuk.com\/index.php\/wp-json\/wp\/v2\/media?parent=42348"}],"wp:term":[{"taxonomy":"category","embeddable":true,"href":"https:\/\/www.abchukuk.com\/index.php\/wp-json\/wp\/v2\/categories?post=42348"},{"taxonomy":"post_tag","embeddable":true,"href":"https:\/\/www.abchukuk.com\/index.php\/wp-json\/wp\/v2\/tags?post=42348"}],"curies":[{"name":"wp","href":"https:\/\/api.w.org\/{rel}","templated":true}]}}