{"id":42346,"date":"2026-09-03T12:48:32","date_gmt":"2026-09-03T12:48:32","guid":{"rendered":"https:\/\/www.abchukuk.com\/index.php\/2026\/09\/03\/marmara-denizindeki-gemi-kazasinda-alti-kisi-adliyeye-sevk-edildi\/"},"modified":"2026-09-03T12:48:32","modified_gmt":"2026-09-03T12:48:32","slug":"marmara-denizindeki-gemi-kazasinda-alti-kisi-adliyeye-sevk-edildi","status":"publish","type":"post","link":"https:\/\/www.abchukuk.com\/index.php\/2026\/09\/03\/marmara-denizindeki-gemi-kazasinda-alti-kisi-adliyeye-sevk-edildi\/","title":{"rendered":"Marmara Denizi&#8217;ndeki gemi kazas\u0131nda alt\u0131 ki\u015fi adliyeye sevk edildi"},"content":{"rendered":"<p>Marmara Denizi&#8217;nde Silivri a\u00e7\u0131klar\u0131nda sabaha kar\u015f\u0131 03.00 s\u0131ralar\u0131nda iki gemi \u00e7arp\u0131\u015ft\u0131. Bir gemide hasar bulunmazken, batm\u0131\u015f olabilece\u011fi belirtilen di\u011fer gemideki 10 denizciyle irtibat kurulamad\u0131. B\u00f6lgede arama kurtarma \u00e7al\u0131\u015fmalar\u0131 s\u00fcr\u00fcyor.Marmara Denizi&#8217;nde Silivri a\u00e7\u0131klar\u0131nda sabaha kar\u015f\u0131 03.00 s\u0131ralar\u0131nda iki gemi \u00e7arp\u0131\u015ft\u0131. Bir gemide hasar bulunmazken, batm\u0131\u015f olabilece\u011fi belirtilen di\u011fer gemideki 10 denizciyle irtibat kurulamad\u0131. B\u00f6lgede arama kurtarma \u00e7al\u0131\u015fmalar\u0131 s\u00fcr\u00fcyor.\u00a0<a href=\"https:\/\/www.bbc.com\/turkce\/articles\/cx2z034d3pdo?at_medium=RSS&amp;at_campaign=rss\" target=\"_blank\" class=\"feedzy-rss-link-icon\">Read More<\/a><\/p>","protected":false},"excerpt":{"rendered":"<p>Marmara Denizi&#8217;nde Silivri a\u00e7\u0131klar\u0131nda sabaha kar\u015f\u0131 03.00 s\u0131ralar\u0131nda iki gemi \u00e7arp\u0131\u015ft\u0131. Bir gemide hasar bulunmazken, batm\u0131\u015f olabilece\u011fi belirtilen di\u011fer gemideki 10 denizciyle irtibat kurulamad\u0131. B\u00f6lgede arama kurtarma \u00e7al\u0131\u015fmalar\u0131 s\u00fcr\u00fcyor.Marmara Denizi&#8217;nde Silivri a\u00e7\u0131klar\u0131nda sabaha kar\u015f\u0131 03.00 s\u0131ralar\u0131nda iki gemi \u00e7arp\u0131\u015ft\u0131. Bir gemide hasar bulunmazken, batm\u0131\u015f olabilece\u011fi belirtilen di\u011fer gemideki 10 denizciyle irtibat kurulamad\u0131. B\u00f6lgede arama kurtarma [&hellip;]<\/p>\n","protected":false},"author":1,"featured_media":42347,"comment_status":"open","ping_status":"open","sticky":false,"template":"","format":"standard","meta":{"footnotes":"","_links_to":"","_links_to_target":""},"categories":[1],"tags":[],"class_list":["post-42346","post","type-post","status-publish","format-standard","has-post-thumbnail","hentry","category-haberler"],"_links":{"self":[{"href":"https:\/\/www.abchukuk.com\/index.php\/wp-json\/wp\/v2\/posts\/42346","targetHints":{"allow":["GET"]}}],"collection":[{"href":"https:\/\/www.abchukuk.com\/index.php\/wp-json\/wp\/v2\/posts"}],"about":[{"href":"https:\/\/www.abchukuk.com\/index.php\/wp-json\/wp\/v2\/types\/post"}],"author":[{"embeddable":true,"href":"https:\/\/www.abchukuk.com\/index.php\/wp-json\/wp\/v2\/users\/1"}],"replies":[{"embeddable":true,"href":"https:\/\/www.abchukuk.com\/index.php\/wp-json\/wp\/v2\/comments?post=42346"}],"version-history":[{"count":0,"href":"https:\/\/www.abchukuk.com\/index.php\/wp-json\/wp\/v2\/posts\/42346\/revisions"}],"wp:featuredmedia":[{"embeddable":true,"href":"https:\/\/www.abchukuk.com\/index.php\/wp-json\/wp\/v2\/media\/42347"}],"wp:attachment":[{"href":"https:\/\/www.abchukuk.com\/index.php\/wp-json\/wp\/v2\/media?parent=42346"}],"wp:term":[{"taxonomy":"category","embeddable":true,"href":"https:\/\/www.abchukuk.com\/index.php\/wp-json\/wp\/v2\/categories?post=42346"},{"taxonomy":"post_tag","embeddable":true,"href":"https:\/\/www.abchukuk.com\/index.php\/wp-json\/wp\/v2\/tags?post=42346"}],"curies":[{"name":"wp","href":"https:\/\/api.w.org\/{rel}","templated":true}]}}