{"id":42345,"date":"2026-09-03T11:07:15","date_gmt":"2026-09-03T11:07:15","guid":{"rendered":"https:\/\/www.abchukuk.com\/index.php\/2026\/09\/03\/gemi-kazasinda-bilirkisi-raporu-ortaya-koydu-su-almaya-basladiginda-hiz-kesseydi-batmadan-limana-donebilirdi\/"},"modified":"2026-09-03T11:07:15","modified_gmt":"2026-09-03T11:07:15","slug":"gemi-kazasinda-bilirkisi-raporu-ortaya-koydu-su-almaya-basladiginda-hiz-kesseydi-batmadan-limana-donebilirdi","status":"publish","type":"post","link":"https:\/\/www.abchukuk.com\/index.php\/2026\/09\/03\/gemi-kazasinda-bilirkisi-raporu-ortaya-koydu-su-almaya-basladiginda-hiz-kesseydi-batmadan-limana-donebilirdi\/","title":{"rendered":"Gemi kazas\u0131nda bilirki\u015fi raporu ortaya koydu: &#8216;Su almaya ba\u015flad\u0131\u011f\u0131nda h\u0131z kesseydi batmadan limana d\u00f6nebilirdi&#8217;"},"content":{"rendered":"<p>Kuzey K\u0131br\u0131s&#8217;ta batan gemiyle ilgili soru\u015fturmada aralar\u0131nda kaptan\u0131n da bulundu\u011fu 9 ki\u015fi ikinci kez hakim kar\u015f\u0131s\u0131na \u00e7\u0131kt\u0131. Haz\u0131rlanan ilk bilirki\u015fi raporunda geminin su almaya ba\u015flad\u0131\u011f\u0131 andan itibaren h\u0131z kesmesi durumunda batmadan limana d\u00f6nme ihtimalinin y\u00fcksek oldu\u011fu de\u011ferlendirmesine yer verildi.Kuzey K\u0131br\u0131s&#8217;ta batan gemiyle ilgili soru\u015fturmada aralar\u0131nda kaptan\u0131n da bulundu\u011fu 9 ki\u015fi ikinci kez hakim kar\u015f\u0131s\u0131na \u00e7\u0131kt\u0131. Haz\u0131rlanan ilk bilirki\u015fi raporunda geminin su almaya ba\u015flad\u0131\u011f\u0131 andan itibaren h\u0131z kesmesi durumunda batmadan limana d\u00f6nme ihtimalinin y\u00fcksek oldu\u011fu de\u011ferlendirmesine yer verildi.\u00a0<a href=\"https:\/\/anlatilaninotesi.com.tr\/20260903\/gemi-kazasinda-bilirkisi-raporu-ortaya-koydu-su-almaya-basladiginda-hiz-kesseydi-batmadan-limana-1108470432.html\" target=\"_blank\" class=\"feedzy-rss-link-icon\">Read More<\/a><\/p>","protected":false},"excerpt":{"rendered":"<p>Kuzey K\u0131br\u0131s&#8217;ta batan gemiyle ilgili soru\u015fturmada aralar\u0131nda kaptan\u0131n da bulundu\u011fu 9 ki\u015fi ikinci kez hakim kar\u015f\u0131s\u0131na \u00e7\u0131kt\u0131. Haz\u0131rlanan ilk bilirki\u015fi raporunda geminin su almaya ba\u015flad\u0131\u011f\u0131 andan itibaren h\u0131z kesmesi durumunda batmadan limana d\u00f6nme ihtimalinin y\u00fcksek oldu\u011fu de\u011ferlendirmesine yer verildi.Kuzey K\u0131br\u0131s&#8217;ta batan gemiyle ilgili soru\u015fturmada aralar\u0131nda kaptan\u0131n da bulundu\u011fu 9 ki\u015fi ikinci kez hakim kar\u015f\u0131s\u0131na \u00e7\u0131kt\u0131. [&hellip;]<\/p>\n","protected":false},"author":1,"featured_media":0,"comment_status":"open","ping_status":"open","sticky":false,"template":"","format":"standard","meta":{"footnotes":"","_links_to":"","_links_to_target":""},"categories":[1],"tags":[],"class_list":["post-42345","post","type-post","status-publish","format-standard","hentry","category-haberler"],"_links":{"self":[{"href":"https:\/\/www.abchukuk.com\/index.php\/wp-json\/wp\/v2\/posts\/42345","targetHints":{"allow":["GET"]}}],"collection":[{"href":"https:\/\/www.abchukuk.com\/index.php\/wp-json\/wp\/v2\/posts"}],"about":[{"href":"https:\/\/www.abchukuk.com\/index.php\/wp-json\/wp\/v2\/types\/post"}],"author":[{"embeddable":true,"href":"https:\/\/www.abchukuk.com\/index.php\/wp-json\/wp\/v2\/users\/1"}],"replies":[{"embeddable":true,"href":"https:\/\/www.abchukuk.com\/index.php\/wp-json\/wp\/v2\/comments?post=42345"}],"version-history":[{"count":0,"href":"https:\/\/www.abchukuk.com\/index.php\/wp-json\/wp\/v2\/posts\/42345\/revisions"}],"wp:attachment":[{"href":"https:\/\/www.abchukuk.com\/index.php\/wp-json\/wp\/v2\/media?parent=42345"}],"wp:term":[{"taxonomy":"category","embeddable":true,"href":"https:\/\/www.abchukuk.com\/index.php\/wp-json\/wp\/v2\/categories?post=42345"},{"taxonomy":"post_tag","embeddable":true,"href":"https:\/\/www.abchukuk.com\/index.php\/wp-json\/wp\/v2\/tags?post=42345"}],"curies":[{"name":"wp","href":"https:\/\/api.w.org\/{rel}","templated":true}]}}