{"id":42341,"date":"2026-09-03T11:34:00","date_gmt":"2026-09-03T11:34:00","guid":{"rendered":"https:\/\/www.abchukuk.com\/index.php\/2026\/09\/03\/camide-kediye-tekme-atan-kisi-gozaltina-alindi\/"},"modified":"2026-09-03T11:34:00","modified_gmt":"2026-09-03T11:34:00","slug":"camide-kediye-tekme-atan-kisi-gozaltina-alindi","status":"publish","type":"post","link":"https:\/\/www.abchukuk.com\/index.php\/2026\/09\/03\/camide-kediye-tekme-atan-kisi-gozaltina-alindi\/","title":{"rendered":"Camide kediye tekme atan ki\u015fi g\u00f6zalt\u0131na al\u0131nd\u0131"},"content":{"rendered":"<p>Erzurum&#8217;da bir camide yats\u0131 namaz\u0131 s\u0131ras\u0131nda cemaatten bir ki\u015finin tekmeledi\u011fi kedi, savrulup, imam\u0131n ba\u015f\u0131na \u00e7arpt\u0131. Olay g\u00fcvenlik kameras\u0131na yans\u0131rken, kediye tekme atan ki\u015fi g\u00f6zalt\u0131na al\u0131nd\u0131.Erzurum&#8217;da bir camide yats\u0131 namaz\u0131 s\u0131ras\u0131nda cemaatten bir ki\u015finin tekmeledi\u011fi kedi, savrulup, imam\u0131n ba\u015f\u0131na \u00e7arpt\u0131. Olay g\u00fcvenlik kameras\u0131na yans\u0131rken, kediye tekme atan ki\u015fi g\u00f6zalt\u0131na al\u0131nd\u0131.\u00a0<a href=\"https:\/\/www.cumhuriyet.com.tr\/turkiye\/camide-kediye-tekme-atan-kisi-gozaltina-alindi-2534604\" target=\"_blank\" class=\"feedzy-rss-link-icon\">Read More<\/a><\/p>","protected":false},"excerpt":{"rendered":"<p>Erzurum&#8217;da bir camide yats\u0131 namaz\u0131 s\u0131ras\u0131nda cemaatten bir ki\u015finin tekmeledi\u011fi kedi, savrulup, imam\u0131n ba\u015f\u0131na \u00e7arpt\u0131. Olay g\u00fcvenlik kameras\u0131na yans\u0131rken, kediye tekme atan ki\u015fi g\u00f6zalt\u0131na al\u0131nd\u0131.Erzurum&#8217;da bir camide yats\u0131 namaz\u0131 s\u0131ras\u0131nda cemaatten bir ki\u015finin tekmeledi\u011fi kedi, savrulup, imam\u0131n ba\u015f\u0131na \u00e7arpt\u0131. Olay g\u00fcvenlik kameras\u0131na yans\u0131rken, kediye tekme atan ki\u015fi g\u00f6zalt\u0131na al\u0131nd\u0131.\u00a0Read More<\/p>\n","protected":false},"author":1,"featured_media":42342,"comment_status":"open","ping_status":"open","sticky":false,"template":"","format":"standard","meta":{"footnotes":"","_links_to":"","_links_to_target":""},"categories":[1],"tags":[],"class_list":["post-42341","post","type-post","status-publish","format-standard","has-post-thumbnail","hentry","category-haberler"],"_links":{"self":[{"href":"https:\/\/www.abchukuk.com\/index.php\/wp-json\/wp\/v2\/posts\/42341","targetHints":{"allow":["GET"]}}],"collection":[{"href":"https:\/\/www.abchukuk.com\/index.php\/wp-json\/wp\/v2\/posts"}],"about":[{"href":"https:\/\/www.abchukuk.com\/index.php\/wp-json\/wp\/v2\/types\/post"}],"author":[{"embeddable":true,"href":"https:\/\/www.abchukuk.com\/index.php\/wp-json\/wp\/v2\/users\/1"}],"replies":[{"embeddable":true,"href":"https:\/\/www.abchukuk.com\/index.php\/wp-json\/wp\/v2\/comments?post=42341"}],"version-history":[{"count":0,"href":"https:\/\/www.abchukuk.com\/index.php\/wp-json\/wp\/v2\/posts\/42341\/revisions"}],"wp:featuredmedia":[{"embeddable":true,"href":"https:\/\/www.abchukuk.com\/index.php\/wp-json\/wp\/v2\/media\/42342"}],"wp:attachment":[{"href":"https:\/\/www.abchukuk.com\/index.php\/wp-json\/wp\/v2\/media?parent=42341"}],"wp:term":[{"taxonomy":"category","embeddable":true,"href":"https:\/\/www.abchukuk.com\/index.php\/wp-json\/wp\/v2\/categories?post=42341"},{"taxonomy":"post_tag","embeddable":true,"href":"https:\/\/www.abchukuk.com\/index.php\/wp-json\/wp\/v2\/tags?post=42341"}],"curies":[{"name":"wp","href":"https:\/\/api.w.org\/{rel}","templated":true}]}}