{"id":42324,"date":"2026-09-03T06:53:57","date_gmt":"2026-09-03T06:53:57","guid":{"rendered":"https:\/\/www.abchukuk.com\/index.php\/2026\/09\/03\/ibbye-operasyon-daire-baskani-ve-kent-lokantalari-yoneticisi-dahil-12-kisi-gozaltinda\/"},"modified":"2026-09-03T06:53:57","modified_gmt":"2026-09-03T06:53:57","slug":"ibbye-operasyon-daire-baskani-ve-kent-lokantalari-yoneticisi-dahil-12-kisi-gozaltinda","status":"publish","type":"post","link":"https:\/\/www.abchukuk.com\/index.php\/2026\/09\/03\/ibbye-operasyon-daire-baskani-ve-kent-lokantalari-yoneticisi-dahil-12-kisi-gozaltinda\/","title":{"rendered":"\u0130BB&#8217;ye operasyon: Daire ba\u015fkan\u0131 ve Kent Lokantalar\u0131 y\u00f6neticisi dahil 12 ki\u015fi g\u00f6zalt\u0131nda"},"content":{"rendered":"<p>\u0130BB&#8217;nin baz\u0131 ihalelerine ili\u015fkin soru\u015fturmada, Sat\u0131n Alma Dairesi Ba\u015fkan\u0131 Mustafa S\u00f6kmen ile Kent Lokantalar\u0131ndan sorumlu \u015fube m\u00fcd\u00fcr\u00fc de g\u00f6zalt\u0131na al\u0131nd\u0131. Savc\u0131l\u0131k, hakk\u0131nda g\u00f6zalt\u0131 karar\u0131 verilen bir ki\u015finin ise yurt d\u0131\u015f\u0131nda oldu\u011funu a\u00e7\u0131klad\u0131.\u0130BB&#8217;nin baz\u0131 ihalelerine ili\u015fkin soru\u015fturmada, Sat\u0131n Alma Dairesi Ba\u015fkan\u0131 Mustafa S\u00f6kmen ile Kent Lokantalar\u0131ndan sorumlu \u015fube m\u00fcd\u00fcr\u00fc de g\u00f6zalt\u0131na al\u0131nd\u0131. Savc\u0131l\u0131k, hakk\u0131nda g\u00f6zalt\u0131 karar\u0131 verilen bir ki\u015finin ise yurt d\u0131\u015f\u0131nda oldu\u011funu a\u00e7\u0131klad\u0131.\u00a0<a href=\"http:\/\/tr.euronews.com\/2026\/09\/03\/ibbye-operasyon-daire-baskani-ve-kent-lokantalari-yoneticisi-dahil-12-kisi-gozaltinda\" target=\"_blank\" class=\"feedzy-rss-link-icon\">Read More<\/a><\/p>","protected":false},"excerpt":{"rendered":"<p>\u0130BB&#8217;nin baz\u0131 ihalelerine ili\u015fkin soru\u015fturmada, Sat\u0131n Alma Dairesi Ba\u015fkan\u0131 Mustafa S\u00f6kmen ile Kent Lokantalar\u0131ndan sorumlu \u015fube m\u00fcd\u00fcr\u00fc de g\u00f6zalt\u0131na al\u0131nd\u0131. Savc\u0131l\u0131k, hakk\u0131nda g\u00f6zalt\u0131 karar\u0131 verilen bir ki\u015finin ise yurt d\u0131\u015f\u0131nda oldu\u011funu a\u00e7\u0131klad\u0131.\u0130BB&#8217;nin baz\u0131 ihalelerine ili\u015fkin soru\u015fturmada, Sat\u0131n Alma Dairesi Ba\u015fkan\u0131 Mustafa S\u00f6kmen ile Kent Lokantalar\u0131ndan sorumlu \u015fube m\u00fcd\u00fcr\u00fc de g\u00f6zalt\u0131na al\u0131nd\u0131. Savc\u0131l\u0131k, hakk\u0131nda g\u00f6zalt\u0131 karar\u0131 [&hellip;]<\/p>\n","protected":false},"author":1,"featured_media":0,"comment_status":"open","ping_status":"open","sticky":false,"template":"","format":"standard","meta":{"footnotes":"","_links_to":"","_links_to_target":""},"categories":[1],"tags":[],"class_list":["post-42324","post","type-post","status-publish","format-standard","hentry","category-haberler"],"_links":{"self":[{"href":"https:\/\/www.abchukuk.com\/index.php\/wp-json\/wp\/v2\/posts\/42324","targetHints":{"allow":["GET"]}}],"collection":[{"href":"https:\/\/www.abchukuk.com\/index.php\/wp-json\/wp\/v2\/posts"}],"about":[{"href":"https:\/\/www.abchukuk.com\/index.php\/wp-json\/wp\/v2\/types\/post"}],"author":[{"embeddable":true,"href":"https:\/\/www.abchukuk.com\/index.php\/wp-json\/wp\/v2\/users\/1"}],"replies":[{"embeddable":true,"href":"https:\/\/www.abchukuk.com\/index.php\/wp-json\/wp\/v2\/comments?post=42324"}],"version-history":[{"count":0,"href":"https:\/\/www.abchukuk.com\/index.php\/wp-json\/wp\/v2\/posts\/42324\/revisions"}],"wp:attachment":[{"href":"https:\/\/www.abchukuk.com\/index.php\/wp-json\/wp\/v2\/media?parent=42324"}],"wp:term":[{"taxonomy":"category","embeddable":true,"href":"https:\/\/www.abchukuk.com\/index.php\/wp-json\/wp\/v2\/categories?post=42324"},{"taxonomy":"post_tag","embeddable":true,"href":"https:\/\/www.abchukuk.com\/index.php\/wp-json\/wp\/v2\/tags?post=42324"}],"curies":[{"name":"wp","href":"https:\/\/api.w.org\/{rel}","templated":true}]}}