{"id":42321,"date":"2026-09-03T08:18:39","date_gmt":"2026-09-03T08:18:39","guid":{"rendered":"https:\/\/www.abchukuk.com\/index.php\/2026\/09\/03\/camide-tekme-yiyen-kedi-imama-gelmisti-gozalti-karari\/"},"modified":"2026-09-03T08:18:39","modified_gmt":"2026-09-03T08:18:39","slug":"camide-tekme-yiyen-kedi-imama-gelmisti-gozalti-karari","status":"publish","type":"post","link":"https:\/\/www.abchukuk.com\/index.php\/2026\/09\/03\/camide-tekme-yiyen-kedi-imama-gelmisti-gozalti-karari\/","title":{"rendered":"Camide tekme yiyen kedi imama gelmi\u015fti&#8230; G\u00f6zalt\u0131 karar\u0131!"},"content":{"rendered":"<p>Erzurum\u2019daki Adalar Camii\u2019nde, cemaatle namaz k\u0131l\u0131n\u0131rken ayaklar\u0131n\u0131n aras\u0131na giren bir kediyi tekmeleyen vatanda\u015fa tepkiler \u00e7\u0131\u011f gibi y\u00fckseldi. Erzurum Cumhuriyet Ba\u015fsavc\u0131l\u0131\u011f\u0131 \u015f\u00fcpheli ki\u015finin tespit edilerek g\u00f6zalt\u0131na al\u0131nd\u0131\u011f\u0131n\u0131 a\u00e7\u0131klad\u0131. Kedinin sa\u011fl\u0131k durumunun iyi oldu\u011fu \u00f6\u011frenildiErzurum\u2019daki Adalar Camii\u2019nde, cemaatle namaz k\u0131l\u0131n\u0131rken ayaklar\u0131n\u0131n aras\u0131na giren bir kediyi tekmeleyen vatanda\u015fa tepkiler \u00e7\u0131\u011f gibi y\u00fckseldi. Erzurum Cumhuriyet Ba\u015fsavc\u0131l\u0131\u011f\u0131 \u015f\u00fcpheli ki\u015finin tespit edilerek g\u00f6zalt\u0131na al\u0131nd\u0131\u011f\u0131n\u0131 a\u00e7\u0131klad\u0131. Kedinin sa\u011fl\u0131k durumunun iyi oldu\u011fu \u00f6\u011frenildi\u00a0<a href=\"https:\/\/www.haberturk.com\/erzurum-son-dakika-haberleri-camide-tekme-yiyen-kedi-imama-gelmisti-gozalti-karari-3909962\" target=\"_blank\" class=\"feedzy-rss-link-icon\">Read More<\/a><\/p>","protected":false},"excerpt":{"rendered":"<p>Erzurum\u2019daki Adalar Camii\u2019nde, cemaatle namaz k\u0131l\u0131n\u0131rken ayaklar\u0131n\u0131n aras\u0131na giren bir kediyi tekmeleyen vatanda\u015fa tepkiler \u00e7\u0131\u011f gibi y\u00fckseldi. Erzurum Cumhuriyet Ba\u015fsavc\u0131l\u0131\u011f\u0131 \u015f\u00fcpheli ki\u015finin tespit edilerek g\u00f6zalt\u0131na al\u0131nd\u0131\u011f\u0131n\u0131 a\u00e7\u0131klad\u0131. Kedinin sa\u011fl\u0131k durumunun iyi oldu\u011fu \u00f6\u011frenildiErzurum\u2019daki Adalar Camii\u2019nde, cemaatle namaz k\u0131l\u0131n\u0131rken ayaklar\u0131n\u0131n aras\u0131na giren bir kediyi tekmeleyen vatanda\u015fa tepkiler \u00e7\u0131\u011f gibi y\u00fckseldi. Erzurum Cumhuriyet Ba\u015fsavc\u0131l\u0131\u011f\u0131 \u015f\u00fcpheli ki\u015finin tespit [&hellip;]<\/p>\n","protected":false},"author":1,"featured_media":0,"comment_status":"open","ping_status":"open","sticky":false,"template":"","format":"standard","meta":{"footnotes":"","_links_to":"","_links_to_target":""},"categories":[1],"tags":[],"class_list":["post-42321","post","type-post","status-publish","format-standard","hentry","category-haberler"],"_links":{"self":[{"href":"https:\/\/www.abchukuk.com\/index.php\/wp-json\/wp\/v2\/posts\/42321","targetHints":{"allow":["GET"]}}],"collection":[{"href":"https:\/\/www.abchukuk.com\/index.php\/wp-json\/wp\/v2\/posts"}],"about":[{"href":"https:\/\/www.abchukuk.com\/index.php\/wp-json\/wp\/v2\/types\/post"}],"author":[{"embeddable":true,"href":"https:\/\/www.abchukuk.com\/index.php\/wp-json\/wp\/v2\/users\/1"}],"replies":[{"embeddable":true,"href":"https:\/\/www.abchukuk.com\/index.php\/wp-json\/wp\/v2\/comments?post=42321"}],"version-history":[{"count":0,"href":"https:\/\/www.abchukuk.com\/index.php\/wp-json\/wp\/v2\/posts\/42321\/revisions"}],"wp:attachment":[{"href":"https:\/\/www.abchukuk.com\/index.php\/wp-json\/wp\/v2\/media?parent=42321"}],"wp:term":[{"taxonomy":"category","embeddable":true,"href":"https:\/\/www.abchukuk.com\/index.php\/wp-json\/wp\/v2\/categories?post=42321"},{"taxonomy":"post_tag","embeddable":true,"href":"https:\/\/www.abchukuk.com\/index.php\/wp-json\/wp\/v2\/tags?post=42321"}],"curies":[{"name":"wp","href":"https:\/\/api.w.org\/{rel}","templated":true}]}}