{"id":42318,"date":"2026-09-03T08:40:24","date_gmt":"2026-09-03T08:40:24","guid":{"rendered":"https:\/\/www.abchukuk.com\/index.php\/2026\/09\/03\/silivrideki-faciada-sorusturma-derinlesti-alsudaki-9-kisi-adliyeye-sevk-edilecek\/"},"modified":"2026-09-03T08:40:24","modified_gmt":"2026-09-03T08:40:24","slug":"silivrideki-faciada-sorusturma-derinlesti-alsudaki-9-kisi-adliyeye-sevk-edilecek","status":"publish","type":"post","link":"https:\/\/www.abchukuk.com\/index.php\/2026\/09\/03\/silivrideki-faciada-sorusturma-derinlesti-alsudaki-9-kisi-adliyeye-sevk-edilecek\/","title":{"rendered":"Silivri\u2019deki faciada soru\u015fturma derinle\u015fti: ALSU\u2019daki 9 ki\u015fi adliyeye sevk edilecek!"},"content":{"rendered":"<p>\u00a0<\/p>\n<p><strong>SON.TV\/\u0130STANBUL<\/strong><\/p>\n<p><strong>\u0130stanbul<\/strong>\u2019un <strong>Silivri<\/strong> il\u00e7esi a\u00e7\u0131klar\u0131nda iki T\u00fcrk bayrakl\u0131 ticari geminin \u00e7arp\u0131\u015fmas\u0131 sonucu <strong>Tu\u011fberk \u0130mamo\u011flu<\/strong> isimli kuru y\u00fck gemisinin batmas\u0131na ili\u015fkin <strong>Silivri<\/strong> <strong>Cumhuriyet Ba\u015fsavc\u0131l\u0131\u011f\u0131<\/strong> taraf\u0131ndan y\u00fcr\u00fct\u00fclen soru\u015fturma geni\u015fletildi.<\/p>\n<p>Kazaya kar\u0131\u015fan <strong>ALSU<\/strong> isimli tankerde bulunan 10 ki\u015fiden a\u015f\u00e7\u0131 hari\u00e7 9 ki\u015fi hakk\u0131nda \u015f\u00fcpheli s\u0131fat\u0131yla i\u015flem yap\u0131ld\u0131. \u015e\u00fcphelilerin ifadeleri gemide al\u0131n\u0131rken, adli soru\u015fturma ve idari tahkikat\u0131n devam etmesi ile gemi g\u00fcvenli\u011fi dikkate al\u0131narak jandarma personeli e\u015fli\u011finde gemide tutulduklar\u0131 \u00f6\u011frenildi.<\/p>\n<p><strong>9 \u015e\u00dcPHEL\u0130 ADL\u0130YEYE SEVK ED\u0130LECEK<\/strong><\/p>\n<p><strong>Silivri Cumhuriyet Ba\u015fsavc\u0131l\u0131\u011f\u0131<\/strong>nca kazada yer alan ki\u015filerin kusur durumlar\u0131n\u0131n belirlenmesi amac\u0131yla bilirki\u015fi heyeti g\u00f6revlendirildi.<\/p>\n<p>Bilirki\u015fi heyetinin haz\u0131rlayaca\u011f\u0131 \u00f6n rapor do\u011frultusunda <strong>ALSU<\/strong> gemisindeki 9 \u015f\u00fcphelinin adliyeye sevk edilmesi bekleniyor.<\/p>\n<p>Kazan\u0131n meydana geli\u015f \u015fekli ve taraflar\u0131n kusur durumunun belirlenmesine y\u00f6nelik adli ve teknik incelemeler s\u00fcrd\u00fcr\u00fcl\u00fcyor.<\/p>\n<p><strong>GEM\u0130 KAYITLARI MERCEK ALTINDA<\/strong><\/p>\n<p>Soru\u015fturma kapsam\u0131nda iki gemiye ili\u015fkin teknik kay\u0131tlar\u0131n da incelenmesi i\u00e7in \u00e7al\u0131\u015fma ba\u015flat\u0131ld\u0131.<\/p>\n<p>Gemilerin seyir, rota ve manevra bilgileri ile k\u00f6pr\u00fc\u00fcst\u00fc ve makine kay\u0131tlar\u0131, VDR olarak bilinen Sefer Veri Kaydedicisi, ECDIS, AIS\/GPS verileri, jurnal ve manevra defterleri, sefer planlar\u0131, m\u00fcrettebat \u00e7izelgeleri, klas sertifikalar\u0131 ve y\u00fck kay\u0131tlar\u0131n\u0131n soru\u015fturma kapsam\u0131nda incelenmesi \u00f6ng\u00f6r\u00fcl\u00fcyor.<\/p>\n<p><strong>\u0130stanbul B\u00f6lge Liman Ba\u015fkanl\u0131\u011f\u0131 ile K\u0131y\u0131 Emniyeti Genel M\u00fcd\u00fcrl\u00fc\u011f\u00fc<\/strong>nden de kazaya ili\u015fkin kay\u0131t ve belgelerin teminine y\u00f6nelik i\u015flemler y\u00fcr\u00fct\u00fcl\u00fcyor. Olay \u00f6ncesindeki telsiz ve VTS g\u00f6r\u00fc\u015fmeleri ile radar ve rota kay\u0131tlar\u0131n\u0131n da soru\u015fturma kapsam\u0131nda de\u011ferlendirilmesi bekleniyor.<\/p>\n<p><strong>10 M\u00dcRETTEBAT \u0130\u00c7\u0130N ARAMA S\u00dcR\u00dcYOR<\/strong><\/p>\n<p>\u00c7arp\u0131\u015fman\u0131n ard\u0131ndan batan <strong>Tu\u011fberk \u0130mamo\u011flu<\/strong> isimli kuru y\u00fck gemisinde bulunan 10 ki\u015filik m\u00fcrettebat\u0131 bulmak amac\u0131yla ba\u015flat\u0131lan geni\u015f \u00e7apl\u0131 arama kurtarma faaliyetleri gece boyunca devam etti.<\/p>\n<p><strong>\u00c7al\u0131\u015fmalara Sahil G\u00fcvenlik, K\u0131y\u0131 Emniyeti, Deniz Kuvvetleri, AFAD ve K\u0131z\u0131lay ekipleri kat\u0131l\u0131yor.<\/strong><\/p>\n<p><strong>B\u00f6lgede 18 y\u00fczer unsurun yan\u0131 s\u0131ra 5 helikopter, 2 \u0130HA ve 1 u\u00e7akla arama ger\u00e7ekle\u015ftiriliyor. Deniz Kuvvetlerine ait su alt\u0131 arama unsurlar\u0131 da \u00e7al\u0131\u015fmalara destek veriyor.<\/strong><\/p>\n<p><strong>BATIK 800 \u0130LE 1100 METRE DER\u0130NL\u0130KTE ARANIYOR<\/strong><\/p>\n<p><strong>Tu\u011fberk \u0130mamo\u011flu<\/strong> gemisinin batt\u0131\u011f\u0131 de\u011ferlendirilen b\u00f6lgede deniz derinli\u011finin yakla\u015f\u0131k 800 ile 1100 metre aras\u0131nda oldu\u011fu belirlendi.<\/p>\n<p>Bat\u0131\u011f\u0131n tespit edilmesi ve soru\u015fturma a\u00e7\u0131s\u0131ndan \u00f6nem ta\u015f\u0131yan delillere ula\u015f\u0131labilmesi amac\u0131yla bu derinlikte \u00e7al\u0131\u015fma yapabilecek teknik imkanlar \u00fczerinde \u00e7al\u0131\u015fmalar s\u00fcrd\u00fcr\u00fcl\u00fcyor.<\/p>\n<p>Deniz y\u00fczeyinde olu\u015fan kirlili\u011fin kayna\u011f\u0131 ve yay\u0131l\u0131m\u0131n\u0131n belirlenmesi ile \u00e7evre sa\u011fl\u0131\u011f\u0131 a\u00e7\u0131s\u0131ndan gerekli \u00f6nlemlerin al\u0131nmas\u0131na y\u00f6nelik \u00e7al\u0131\u015fma da y\u00fcr\u00fct\u00fcl\u00fcyor.<\/p>\n<p><strong>A\u0130LELER KR\u0130Z MERKEZ\u0130NDEN B\u0130LG\u0130LEND\u0130R\u0130L\u0130YOR<\/strong><\/p>\n<p>Arama kurtarma faaliyetlerinin s\u00fcrd\u00fc\u011f\u00fc b\u00f6lgede <strong>Tu\u011fberk \u0130mamo\u011flu<\/strong> gemisinin 10 ki\u015filik m\u00fcrettebat\u0131n\u0131n aileleri ve yak\u0131nlar\u0131n\u0131n bekleyi\u015fi devam ediyor.<\/p>\n<p>Silivri Kaymakaml\u0131\u011f\u0131 koordinasyonunda olu\u015fturulan kriz merkezinden arama kurtarma faaliyetleri anl\u0131k olarak takip edilirken, m\u00fcrettebat yak\u0131nlar\u0131na \u00e7al\u0131\u015fmalar\u0131n seyri konusunda d\u00fczenli bilgi veriliyor.<\/p>\n<p><strong>35 K\u0130LOMETRE A\u00c7IKTA \u00c7ARPI\u015eTILAR<\/strong><\/p>\n<p>Kaza, 2 <strong>Eyl\u00fcl 2026 g\u00fcn\u00fc saat 03.00<\/strong> s\u0131ralar\u0131nda <strong>Silivri<\/strong> a\u00e7\u0131klar\u0131n\u0131n yakla\u015f\u0131k 18 mil, yakla\u015f\u0131k 35 kilometre g\u00fcneyinde meydana geldi.<\/p>\n<p><strong>Kocaeli\u2019<\/strong>den <strong>Alia\u011fa<\/strong>\u2019ya seyreden <strong>T\u00fcrk bayrakl\u0131, 90 metre uzunlu\u011fundaki bo\u015f ALSU tanker<\/strong>i ile <strong>\u0130skenderun Liman\u0131\u2019n<\/strong>dan <strong>Karadeniz Ere\u011fli\u2019ye 4 bin 199 ton rulo sac ta\u015f\u0131yan Tu\u011fberk \u0130mamo\u011flu<\/strong> isimli kuru y\u00fck gemisi \u00e7arp\u0131\u015ft\u0131.<\/p>\n<p>\u00c7arp\u0131\u015fman\u0131n ard\u0131ndan 10 m\u00fcrettebat\u0131n bulundu\u011fu <strong>Tu\u011fberk \u0130mamo\u011flu<\/strong> gemisi batt\u0131. M\u00fcrettebatla irtibat kesilirken, geni\u015f \u00e7apl\u0131 arama kurtarma faaliyeti ba\u015flat\u0131ld\u0131.<\/p>\n<p><strong>ALSU<\/strong> gemisi ise olay\u0131n ard\u0131ndan b\u00f6lgede kald\u0131. Kazan\u0131n nedeni ve taraflar\u0131n kusur durumunun belirlenmesine y\u00f6nelik <strong>Silivri Cumhuriyet Ba\u015fsavc\u0131l\u0131\u011f\u0131<\/strong> koordinesindeki soru\u015fturma devam ediyor.<\/p>\n<p><strong>ET\u0130KETLER: #Silivri #SilivriGemiKazas\u0131 #Tu\u011fberk\u0130mamo\u011flu #ALSU #GemiKazas\u0131 #SilivriCumhuriyetBa\u015fsavc\u0131l\u0131\u011f\u0131 #SahilG\u00fcvenlik #K\u0131y\u0131Emniyeti #AramaKurtarma #MarmaraDenizi<\/strong><\/p>\n<p>Silivri a\u00e7\u0131klar\u0131nda ALSU tankeri ile Tu\u011fberk \u0130mamo\u011flu kuru y\u00fck gemisinin \u00e7arp\u0131\u015fmas\u0131n\u0131n ard\u0131ndan ba\u015flat\u0131lan soru\u015fturmada yeni geli\u015fmeler ya\u015fand\u0131. ALSU\u2019da bulunan 10 ki\u015fiden a\u015f\u00e7\u0131 hari\u00e7 9 ki\u015fi hakk\u0131nda \u201c\u015f\u00fcpheli\u201d i\u015flemi uygulan\u0131rken, ifadeleri gemide al\u0131nan \u015f\u00fcphelilerin bilirki\u015fi \u00f6n raporunun ard\u0131ndan adliyeye sevk edilmesi bekleniyor. Batan Tu\u011fberk \u0130mamo\u011flu gemisindeki 10 ki\u015filik m\u00fcrettebat\u0131 arama \u00e7al\u0131\u015fmalar\u0131 ise havadan, denizden ve su alt\u0131ndan s\u00fcrd\u00fcr\u00fcl\u00fcyor.\u00a0<a href=\"https:\/\/www.son.tv\/silivrideki-gemi-faciasinda-sorusturma-derinlesti-alsudaki-9-kisi-adliyeye-sevk-edilecek\/\" target=\"_blank\" class=\"feedzy-rss-link-icon\">Read More<\/a><\/p>","protected":false},"excerpt":{"rendered":"<p>\u00a0 SON.TV\/\u0130STANBUL \u0130stanbul\u2019un Silivri il\u00e7esi a\u00e7\u0131klar\u0131nda iki T\u00fcrk bayrakl\u0131 ticari geminin \u00e7arp\u0131\u015fmas\u0131 sonucu Tu\u011fberk \u0130mamo\u011flu isimli kuru y\u00fck gemisinin batmas\u0131na ili\u015fkin Silivri Cumhuriyet Ba\u015fsavc\u0131l\u0131\u011f\u0131 taraf\u0131ndan y\u00fcr\u00fct\u00fclen soru\u015fturma geni\u015fletildi. Kazaya kar\u0131\u015fan ALSU isimli tankerde bulunan 10 ki\u015fiden a\u015f\u00e7\u0131 hari\u00e7 9 ki\u015fi hakk\u0131nda \u015f\u00fcpheli s\u0131fat\u0131yla i\u015flem yap\u0131ld\u0131. \u015e\u00fcphelilerin ifadeleri gemide al\u0131n\u0131rken, adli soru\u015fturma ve idari tahkikat\u0131n devam [&hellip;]<\/p>\n","protected":false},"author":1,"featured_media":0,"comment_status":"open","ping_status":"open","sticky":false,"template":"","format":"standard","meta":{"footnotes":"","_links_to":"","_links_to_target":""},"categories":[1],"tags":[],"class_list":["post-42318","post","type-post","status-publish","format-standard","hentry","category-haberler"],"_links":{"self":[{"href":"https:\/\/www.abchukuk.com\/index.php\/wp-json\/wp\/v2\/posts\/42318","targetHints":{"allow":["GET"]}}],"collection":[{"href":"https:\/\/www.abchukuk.com\/index.php\/wp-json\/wp\/v2\/posts"}],"about":[{"href":"https:\/\/www.abchukuk.com\/index.php\/wp-json\/wp\/v2\/types\/post"}],"author":[{"embeddable":true,"href":"https:\/\/www.abchukuk.com\/index.php\/wp-json\/wp\/v2\/users\/1"}],"replies":[{"embeddable":true,"href":"https:\/\/www.abchukuk.com\/index.php\/wp-json\/wp\/v2\/comments?post=42318"}],"version-history":[{"count":0,"href":"https:\/\/www.abchukuk.com\/index.php\/wp-json\/wp\/v2\/posts\/42318\/revisions"}],"wp:attachment":[{"href":"https:\/\/www.abchukuk.com\/index.php\/wp-json\/wp\/v2\/media?parent=42318"}],"wp:term":[{"taxonomy":"category","embeddable":true,"href":"https:\/\/www.abchukuk.com\/index.php\/wp-json\/wp\/v2\/categories?post=42318"},{"taxonomy":"post_tag","embeddable":true,"href":"https:\/\/www.abchukuk.com\/index.php\/wp-json\/wp\/v2\/tags?post=42318"}],"curies":[{"name":"wp","href":"https:\/\/api.w.org\/{rel}","templated":true}]}}