{"id":42316,"date":"2026-09-03T08:46:00","date_gmt":"2026-09-03T08:46:00","guid":{"rendered":"https:\/\/www.abchukuk.com\/index.php\/2026\/09\/03\/ibb-davasinda-75-durusma-gunu-ekrem-imamoglu-ogleden-sonra-tahliye-talebinde-bulunacak\/"},"modified":"2026-09-03T08:46:00","modified_gmt":"2026-09-03T08:46:00","slug":"ibb-davasinda-75-durusma-gunu-ekrem-imamoglu-ogleden-sonra-tahliye-talebinde-bulunacak","status":"publish","type":"post","link":"https:\/\/www.abchukuk.com\/index.php\/2026\/09\/03\/ibb-davasinda-75-durusma-gunu-ekrem-imamoglu-ogleden-sonra-tahliye-talebinde-bulunacak\/","title":{"rendered":"\u0130BB Davas\u0131&#8217;nda 75. duru\u015fma g\u00fcn\u00fc: Ekrem \u0130mamo\u011flu \u00f6\u011fleden sonra tahliye talebinde bulunacak"},"content":{"rendered":"<p>\u0130BB Davas\u0131&#8217;nda tutuklu isimlerin tahliye talepleri s\u00fcr\u00fcyor. Bu \u00f6\u011fleden sonra  Ekrem \u0130mamo\u011flu\u2019nun tahliye talebinde bulunaca\u011f\u0131 konu\u015fman\u0131n ard\u0131ndan mahkeme heyetinin tahliyelere ili\u015fkin ara karar a\u00e7\u0131klamas\u0131 bekleniyor. \u0130\u015fte bug\u00fcnk\u00fc duru\u015fmada anbean ya\u015fananlar&#8230;\u0130BB Davas\u0131&#8217;nda tutuklu isimlerin tahliye talepleri s\u00fcr\u00fcyor. Bu \u00f6\u011fleden sonra  Ekrem \u0130mamo\u011flu\u2019nun tahliye talebinde bulunaca\u011f\u0131 konu\u015fman\u0131n ard\u0131ndan mahkeme heyetinin tahliyelere ili\u015fkin ara karar a\u00e7\u0131klamas\u0131 bekleniyor. \u0130\u015fte bug\u00fcnk\u00fc duru\u015fmada anbean ya\u015fananlar&#8230;\u00a0<a href=\"https:\/\/www.cumhuriyet.com.tr\/siyaset\/ibb-davasi-nda-75-durusma-gunu-ekrem-imamoglu-ogleden-sonra-tahliye-talebinde-bulunacak-2534557\" target=\"_blank\" class=\"feedzy-rss-link-icon\">Read More<\/a><\/p>","protected":false},"excerpt":{"rendered":"<p>\u0130BB Davas\u0131&#8217;nda tutuklu isimlerin tahliye talepleri s\u00fcr\u00fcyor. Bu \u00f6\u011fleden sonra Ekrem \u0130mamo\u011flu\u2019nun tahliye talebinde bulunaca\u011f\u0131 konu\u015fman\u0131n ard\u0131ndan mahkeme heyetinin tahliyelere ili\u015fkin ara karar a\u00e7\u0131klamas\u0131 bekleniyor. \u0130\u015fte bug\u00fcnk\u00fc duru\u015fmada anbean ya\u015fananlar&#8230;\u0130BB Davas\u0131&#8217;nda tutuklu isimlerin tahliye talepleri s\u00fcr\u00fcyor. Bu \u00f6\u011fleden sonra Ekrem \u0130mamo\u011flu\u2019nun tahliye talebinde bulunaca\u011f\u0131 konu\u015fman\u0131n ard\u0131ndan mahkeme heyetinin tahliyelere ili\u015fkin ara karar a\u00e7\u0131klamas\u0131 bekleniyor. \u0130\u015fte [&hellip;]<\/p>\n","protected":false},"author":1,"featured_media":42317,"comment_status":"open","ping_status":"open","sticky":false,"template":"","format":"standard","meta":{"footnotes":"","_links_to":"","_links_to_target":""},"categories":[1],"tags":[],"class_list":["post-42316","post","type-post","status-publish","format-standard","has-post-thumbnail","hentry","category-haberler"],"_links":{"self":[{"href":"https:\/\/www.abchukuk.com\/index.php\/wp-json\/wp\/v2\/posts\/42316","targetHints":{"allow":["GET"]}}],"collection":[{"href":"https:\/\/www.abchukuk.com\/index.php\/wp-json\/wp\/v2\/posts"}],"about":[{"href":"https:\/\/www.abchukuk.com\/index.php\/wp-json\/wp\/v2\/types\/post"}],"author":[{"embeddable":true,"href":"https:\/\/www.abchukuk.com\/index.php\/wp-json\/wp\/v2\/users\/1"}],"replies":[{"embeddable":true,"href":"https:\/\/www.abchukuk.com\/index.php\/wp-json\/wp\/v2\/comments?post=42316"}],"version-history":[{"count":0,"href":"https:\/\/www.abchukuk.com\/index.php\/wp-json\/wp\/v2\/posts\/42316\/revisions"}],"wp:featuredmedia":[{"embeddable":true,"href":"https:\/\/www.abchukuk.com\/index.php\/wp-json\/wp\/v2\/media\/42317"}],"wp:attachment":[{"href":"https:\/\/www.abchukuk.com\/index.php\/wp-json\/wp\/v2\/media?parent=42316"}],"wp:term":[{"taxonomy":"category","embeddable":true,"href":"https:\/\/www.abchukuk.com\/index.php\/wp-json\/wp\/v2\/categories?post=42316"},{"taxonomy":"post_tag","embeddable":true,"href":"https:\/\/www.abchukuk.com\/index.php\/wp-json\/wp\/v2\/tags?post=42316"}],"curies":[{"name":"wp","href":"https:\/\/api.w.org\/{rel}","templated":true}]}}