{"id":42310,"date":"2026-09-03T06:40:00","date_gmt":"2026-09-03T06:40:00","guid":{"rendered":"https:\/\/www.abchukuk.com\/index.php\/2026\/09\/03\/son-dakika-silivri-aciklarindaki-gemi-kazasinda-yeni-gelisme-alsu-gemisinde-tutulan-9-kisi-adliyeye-sevk-edilecek\/"},"modified":"2026-09-03T06:40:00","modified_gmt":"2026-09-03T06:40:00","slug":"son-dakika-silivri-aciklarindaki-gemi-kazasinda-yeni-gelisme-alsu-gemisinde-tutulan-9-kisi-adliyeye-sevk-edilecek","status":"publish","type":"post","link":"https:\/\/www.abchukuk.com\/index.php\/2026\/09\/03\/son-dakika-silivri-aciklarindaki-gemi-kazasinda-yeni-gelisme-alsu-gemisinde-tutulan-9-kisi-adliyeye-sevk-edilecek\/","title":{"rendered":"Son Dakika&#8230; Silivri a\u00e7\u0131klar\u0131ndaki gemi kazas\u0131nda yeni geli\u015fme: ALSU Gemisi&#8217;nde tutulan 9 ki\u015fi adliyeye sevk edilecek!"},"content":{"rendered":"<p>Son dakika geli\u015fmesi&#8230; Silivri Cumhuriyet Ba\u015fsavc\u0131l\u0131\u011f\u0131 taraf\u0131ndan gemi kazas\u0131na ili\u015fkin ba\u015flat\u0131lan soru\u015fturma kapsam\u0131nda ALSU Gemisi&#8217;nde tutulan 9 ki\u015finin adliyeye sevk edilece\u011fi \u00f6\u011frenildi.Son dakika geli\u015fmesi&#8230; Silivri Cumhuriyet Ba\u015fsavc\u0131l\u0131\u011f\u0131 taraf\u0131ndan gemi kazas\u0131na ili\u015fkin ba\u015flat\u0131lan soru\u015fturma kapsam\u0131nda ALSU Gemisi&#8217;nde tutulan 9 ki\u015finin adliyeye sevk edilece\u011fi \u00f6\u011frenildi.\u00a0<a href=\"https:\/\/www.cumhuriyet.com.tr\/turkiye\/son-dakika-silivri-aciklarindaki-gemi-kazasinda-yeni-gelisme-alsu-gemisi-nde-tutulan-9-kisi-adliyeye-sevk-edilecek-2534504\" target=\"_blank\" class=\"feedzy-rss-link-icon\">Read More<\/a><\/p>","protected":false},"excerpt":{"rendered":"<p>Son dakika geli\u015fmesi&#8230; Silivri Cumhuriyet Ba\u015fsavc\u0131l\u0131\u011f\u0131 taraf\u0131ndan gemi kazas\u0131na ili\u015fkin ba\u015flat\u0131lan soru\u015fturma kapsam\u0131nda ALSU Gemisi&#8217;nde tutulan 9 ki\u015finin adliyeye sevk edilece\u011fi \u00f6\u011frenildi.Son dakika geli\u015fmesi&#8230; Silivri Cumhuriyet Ba\u015fsavc\u0131l\u0131\u011f\u0131 taraf\u0131ndan gemi kazas\u0131na ili\u015fkin ba\u015flat\u0131lan soru\u015fturma kapsam\u0131nda ALSU Gemisi&#8217;nde tutulan 9 ki\u015finin adliyeye sevk edilece\u011fi \u00f6\u011frenildi.\u00a0Read More<\/p>\n","protected":false},"author":1,"featured_media":42311,"comment_status":"open","ping_status":"open","sticky":false,"template":"","format":"standard","meta":{"footnotes":"","_links_to":"","_links_to_target":""},"categories":[1],"tags":[],"class_list":["post-42310","post","type-post","status-publish","format-standard","has-post-thumbnail","hentry","category-haberler"],"_links":{"self":[{"href":"https:\/\/www.abchukuk.com\/index.php\/wp-json\/wp\/v2\/posts\/42310","targetHints":{"allow":["GET"]}}],"collection":[{"href":"https:\/\/www.abchukuk.com\/index.php\/wp-json\/wp\/v2\/posts"}],"about":[{"href":"https:\/\/www.abchukuk.com\/index.php\/wp-json\/wp\/v2\/types\/post"}],"author":[{"embeddable":true,"href":"https:\/\/www.abchukuk.com\/index.php\/wp-json\/wp\/v2\/users\/1"}],"replies":[{"embeddable":true,"href":"https:\/\/www.abchukuk.com\/index.php\/wp-json\/wp\/v2\/comments?post=42310"}],"version-history":[{"count":0,"href":"https:\/\/www.abchukuk.com\/index.php\/wp-json\/wp\/v2\/posts\/42310\/revisions"}],"wp:featuredmedia":[{"embeddable":true,"href":"https:\/\/www.abchukuk.com\/index.php\/wp-json\/wp\/v2\/media\/42311"}],"wp:attachment":[{"href":"https:\/\/www.abchukuk.com\/index.php\/wp-json\/wp\/v2\/media?parent=42310"}],"wp:term":[{"taxonomy":"category","embeddable":true,"href":"https:\/\/www.abchukuk.com\/index.php\/wp-json\/wp\/v2\/categories?post=42310"},{"taxonomy":"post_tag","embeddable":true,"href":"https:\/\/www.abchukuk.com\/index.php\/wp-json\/wp\/v2\/tags?post=42310"}],"curies":[{"name":"wp","href":"https:\/\/api.w.org\/{rel}","templated":true}]}}