{"id":42307,"date":"2026-09-03T07:30:00","date_gmt":"2026-09-03T07:30:00","guid":{"rendered":"https:\/\/www.abchukuk.com\/index.php\/2026\/09\/03\/kahramanmarastaki-okul-saldirisi-davasinda-ilk-durusma-yarin\/"},"modified":"2026-09-03T07:30:00","modified_gmt":"2026-09-03T07:30:00","slug":"kahramanmarastaki-okul-saldirisi-davasinda-ilk-durusma-yarin","status":"publish","type":"post","link":"https:\/\/www.abchukuk.com\/index.php\/2026\/09\/03\/kahramanmarastaki-okul-saldirisi-davasinda-ilk-durusma-yarin\/","title":{"rendered":"Kahramanmara\u015f&#8217;taki okul sald\u0131r\u0131s\u0131 davas\u0131nda ilk duru\u015fma yar\u0131n"},"content":{"rendered":"<p>Kahramanmara\u015f&#8217;ta Ayla Kara adl\u0131 \u00f6\u011fretmen ile 9 \u00f6\u011frencinin hayat\u0131n\u0131 kaybetti\u011fi okul sald\u0131r\u0131s\u0131na ili\u015fkin davan\u0131n ilk duru\u015fmas\u0131 yar\u0131n Kahramanmara\u015f 3. A\u011f\u0131r Ceza Mahkemesi&#8217;nde g\u00f6r\u00fclecek. Sald\u0131rgan\u0131n tutuklu anne ve babas\u0131n\u0131n duru\u015fmaya, bulunduklar\u0131 ceza infaz kurumlar\u0131ndan SEGB\u0130S arac\u0131l\u0131\u011f\u0131yla kat\u0131lmas\u0131 bekleniyor.Kahramanmara\u015f&#8217;ta Ayla Kara adl\u0131 \u00f6\u011fretmen ile 9 \u00f6\u011frencinin hayat\u0131n\u0131 kaybetti\u011fi okul sald\u0131r\u0131s\u0131na ili\u015fkin davan\u0131n ilk duru\u015fmas\u0131 yar\u0131n Kahramanmara\u015f 3. A\u011f\u0131r Ceza Mahkemesi&#8217;nde g\u00f6r\u00fclecek. Sald\u0131rgan\u0131n tutuklu anne ve babas\u0131n\u0131n duru\u015fmaya, bulunduklar\u0131 ceza infaz kurumlar\u0131ndan SEGB\u0130S arac\u0131l\u0131\u011f\u0131yla kat\u0131lmas\u0131 bekleniyor.\u00a0<a href=\"https:\/\/www.cumhuriyet.com.tr\/turkiye\/kahramanmaras-taki-okul-saldirisi-davasinda-ilk-durusma-yarin-2534527\" target=\"_blank\" class=\"feedzy-rss-link-icon\">Read More<\/a><\/p>","protected":false},"excerpt":{"rendered":"<p>Kahramanmara\u015f&#8217;ta Ayla Kara adl\u0131 \u00f6\u011fretmen ile 9 \u00f6\u011frencinin hayat\u0131n\u0131 kaybetti\u011fi okul sald\u0131r\u0131s\u0131na ili\u015fkin davan\u0131n ilk duru\u015fmas\u0131 yar\u0131n Kahramanmara\u015f 3. A\u011f\u0131r Ceza Mahkemesi&#8217;nde g\u00f6r\u00fclecek. Sald\u0131rgan\u0131n tutuklu anne ve babas\u0131n\u0131n duru\u015fmaya, bulunduklar\u0131 ceza infaz kurumlar\u0131ndan SEGB\u0130S arac\u0131l\u0131\u011f\u0131yla kat\u0131lmas\u0131 bekleniyor.Kahramanmara\u015f&#8217;ta Ayla Kara adl\u0131 \u00f6\u011fretmen ile 9 \u00f6\u011frencinin hayat\u0131n\u0131 kaybetti\u011fi okul sald\u0131r\u0131s\u0131na ili\u015fkin davan\u0131n ilk duru\u015fmas\u0131 yar\u0131n Kahramanmara\u015f 3. [&hellip;]<\/p>\n","protected":false},"author":1,"featured_media":42308,"comment_status":"open","ping_status":"open","sticky":false,"template":"","format":"standard","meta":{"footnotes":"","_links_to":"","_links_to_target":""},"categories":[1],"tags":[],"class_list":["post-42307","post","type-post","status-publish","format-standard","has-post-thumbnail","hentry","category-haberler"],"_links":{"self":[{"href":"https:\/\/www.abchukuk.com\/index.php\/wp-json\/wp\/v2\/posts\/42307","targetHints":{"allow":["GET"]}}],"collection":[{"href":"https:\/\/www.abchukuk.com\/index.php\/wp-json\/wp\/v2\/posts"}],"about":[{"href":"https:\/\/www.abchukuk.com\/index.php\/wp-json\/wp\/v2\/types\/post"}],"author":[{"embeddable":true,"href":"https:\/\/www.abchukuk.com\/index.php\/wp-json\/wp\/v2\/users\/1"}],"replies":[{"embeddable":true,"href":"https:\/\/www.abchukuk.com\/index.php\/wp-json\/wp\/v2\/comments?post=42307"}],"version-history":[{"count":0,"href":"https:\/\/www.abchukuk.com\/index.php\/wp-json\/wp\/v2\/posts\/42307\/revisions"}],"wp:featuredmedia":[{"embeddable":true,"href":"https:\/\/www.abchukuk.com\/index.php\/wp-json\/wp\/v2\/media\/42308"}],"wp:attachment":[{"href":"https:\/\/www.abchukuk.com\/index.php\/wp-json\/wp\/v2\/media?parent=42307"}],"wp:term":[{"taxonomy":"category","embeddable":true,"href":"https:\/\/www.abchukuk.com\/index.php\/wp-json\/wp\/v2\/categories?post=42307"},{"taxonomy":"post_tag","embeddable":true,"href":"https:\/\/www.abchukuk.com\/index.php\/wp-json\/wp\/v2\/tags?post=42307"}],"curies":[{"name":"wp","href":"https:\/\/api.w.org\/{rel}","templated":true}]}}