{"id":42306,"date":"2026-09-03T07:31:49","date_gmt":"2026-09-03T07:31:49","guid":{"rendered":"https:\/\/www.abchukuk.com\/index.php\/2026\/09\/03\/ilk-durusma-yarin\/"},"modified":"2026-09-03T07:31:49","modified_gmt":"2026-09-03T07:31:49","slug":"ilk-durusma-yarin","status":"publish","type":"post","link":"https:\/\/www.abchukuk.com\/index.php\/2026\/09\/03\/ilk-durusma-yarin\/","title":{"rendered":"\u0130lk duru\u015fma yar\u0131n"},"content":{"rendered":"<p>Kahramanmara\u015f&#8217;ta Ayla Kara adl\u0131 \u00f6\u011fretmen ile 9 \u00f6\u011frencinin hayat\u0131n\u0131 kaybetti\u011fi okul sald\u0131r\u0131s\u0131na ili\u015fkin davan\u0131n ilk duru\u015fmas\u0131 yar\u0131n g\u00f6r\u00fclecek. Kahramanmara\u015f 3. A\u011f\u0131r Ceza Mahkemesi&#8217;ndeki duru\u015fmada tutuklu san\u0131klar U\u011fur Mersinli ile Peyman P\u0131nar Mersinli&#8217;nin SEGB\u0130S arac\u0131l\u0131\u011f\u0131yla dinlenmesi bekleniyorKahramanmara\u015f&#8217;ta Ayla Kara adl\u0131 \u00f6\u011fretmen ile 9 \u00f6\u011frencinin hayat\u0131n\u0131 kaybetti\u011fi okul sald\u0131r\u0131s\u0131na ili\u015fkin davan\u0131n ilk duru\u015fmas\u0131 yar\u0131n g\u00f6r\u00fclecek. Kahramanmara\u015f 3. A\u011f\u0131r Ceza Mahkemesi&#8217;ndeki duru\u015fmada tutuklu san\u0131klar U\u011fur Mersinli ile Peyman P\u0131nar Mersinli&#8217;nin SEGB\u0130S arac\u0131l\u0131\u011f\u0131yla dinlenmesi bekleniyor\u00a0<a href=\"https:\/\/www.haberturk.com\/son-dakika-haberler-kahramanmaras-taki-ayser-calik-ortaokulu-saldirisinda-ilk-durusma-yarin-3909951\" target=\"_blank\" class=\"feedzy-rss-link-icon\">Read More<\/a><\/p>","protected":false},"excerpt":{"rendered":"<p>Kahramanmara\u015f&#8217;ta Ayla Kara adl\u0131 \u00f6\u011fretmen ile 9 \u00f6\u011frencinin hayat\u0131n\u0131 kaybetti\u011fi okul sald\u0131r\u0131s\u0131na ili\u015fkin davan\u0131n ilk duru\u015fmas\u0131 yar\u0131n g\u00f6r\u00fclecek. Kahramanmara\u015f 3. A\u011f\u0131r Ceza Mahkemesi&#8217;ndeki duru\u015fmada tutuklu san\u0131klar U\u011fur Mersinli ile Peyman P\u0131nar Mersinli&#8217;nin SEGB\u0130S arac\u0131l\u0131\u011f\u0131yla dinlenmesi bekleniyorKahramanmara\u015f&#8217;ta Ayla Kara adl\u0131 \u00f6\u011fretmen ile 9 \u00f6\u011frencinin hayat\u0131n\u0131 kaybetti\u011fi okul sald\u0131r\u0131s\u0131na ili\u015fkin davan\u0131n ilk duru\u015fmas\u0131 yar\u0131n g\u00f6r\u00fclecek. Kahramanmara\u015f 3. [&hellip;]<\/p>\n","protected":false},"author":1,"featured_media":0,"comment_status":"open","ping_status":"open","sticky":false,"template":"","format":"standard","meta":{"footnotes":"","_links_to":"","_links_to_target":""},"categories":[1],"tags":[],"class_list":["post-42306","post","type-post","status-publish","format-standard","hentry","category-haberler"],"_links":{"self":[{"href":"https:\/\/www.abchukuk.com\/index.php\/wp-json\/wp\/v2\/posts\/42306","targetHints":{"allow":["GET"]}}],"collection":[{"href":"https:\/\/www.abchukuk.com\/index.php\/wp-json\/wp\/v2\/posts"}],"about":[{"href":"https:\/\/www.abchukuk.com\/index.php\/wp-json\/wp\/v2\/types\/post"}],"author":[{"embeddable":true,"href":"https:\/\/www.abchukuk.com\/index.php\/wp-json\/wp\/v2\/users\/1"}],"replies":[{"embeddable":true,"href":"https:\/\/www.abchukuk.com\/index.php\/wp-json\/wp\/v2\/comments?post=42306"}],"version-history":[{"count":0,"href":"https:\/\/www.abchukuk.com\/index.php\/wp-json\/wp\/v2\/posts\/42306\/revisions"}],"wp:attachment":[{"href":"https:\/\/www.abchukuk.com\/index.php\/wp-json\/wp\/v2\/media?parent=42306"}],"wp:term":[{"taxonomy":"category","embeddable":true,"href":"https:\/\/www.abchukuk.com\/index.php\/wp-json\/wp\/v2\/categories?post=42306"},{"taxonomy":"post_tag","embeddable":true,"href":"https:\/\/www.abchukuk.com\/index.php\/wp-json\/wp\/v2\/tags?post=42306"}],"curies":[{"name":"wp","href":"https:\/\/api.w.org\/{rel}","templated":true}]}}