{"id":42304,"date":"2026-09-03T07:42:00","date_gmt":"2026-09-03T07:42:00","guid":{"rendered":"https:\/\/www.abchukuk.com\/index.php\/2026\/09\/03\/lindsay-clancy-davasinda-juri-karar-veremiyor-mahkemede-dinamit-secenegi-devreye-girdi\/"},"modified":"2026-09-03T07:42:00","modified_gmt":"2026-09-03T07:42:00","slug":"lindsay-clancy-davasinda-juri-karar-veremiyor-mahkemede-dinamit-secenegi-devreye-girdi","status":"publish","type":"post","link":"https:\/\/www.abchukuk.com\/index.php\/2026\/09\/03\/lindsay-clancy-davasinda-juri-karar-veremiyor-mahkemede-dinamit-secenegi-devreye-girdi\/","title":{"rendered":"Lindsay Clancy davas\u0131nda j\u00fcri karar veremiyor: Mahkemede &#8220;dinamit se\u00e7ene\u011fi&#8221; devreye girdi"},"content":{"rendered":"<p>ABD&#8217;de 2023 y\u0131l\u0131nda \u00fc\u00e7 \u00e7ocu\u011funu \u00f6ld\u00fcren Lindsay Clancy&#8217;nin yarg\u0131land\u0131\u011f\u0131 davada j\u00fcri \u00fcyeleri 28 saatlik g\u00f6r\u00fc\u015fmenin ard\u0131ndan yine uzla\u015fmaya varamad\u0131. Mahkeme yarg\u0131c\u0131, kilitlenmeyi a\u015fmak i\u00e7in &#8220;son \u015fans&#8221; olarak de\u011ferlendirilen \u00f6zel hukuk kural\u0131n\u0131 devreye soktu.ABD&#8217;de 2023 y\u0131l\u0131nda \u00fc\u00e7 \u00e7ocu\u011funu \u00f6ld\u00fcren Lindsay Clancy&#8217;nin yarg\u0131land\u0131\u011f\u0131 davada j\u00fcri \u00fcyeleri 28 saatlik g\u00f6r\u00fc\u015fmenin ard\u0131ndan yine uzla\u015fmaya varamad\u0131. Mahkeme yarg\u0131c\u0131, kilitlenmeyi a\u015fmak i\u00e7in &#8220;son \u015fans&#8221; olarak de\u011ferlendirilen \u00f6zel hukuk kural\u0131n\u0131 devreye soktu.\u00a0<a href=\"https:\/\/www.cumhuriyet.com.tr\/dunya\/lindsay-clancy-davasinda-juri-karar-veremiyor-mahkemede-dinamit-secenegi-devreye-girdi-2534533\" target=\"_blank\" class=\"feedzy-rss-link-icon\">Read More<\/a><\/p>","protected":false},"excerpt":{"rendered":"<p>ABD&#8217;de 2023 y\u0131l\u0131nda \u00fc\u00e7 \u00e7ocu\u011funu \u00f6ld\u00fcren Lindsay Clancy&#8217;nin yarg\u0131land\u0131\u011f\u0131 davada j\u00fcri \u00fcyeleri 28 saatlik g\u00f6r\u00fc\u015fmenin ard\u0131ndan yine uzla\u015fmaya varamad\u0131. Mahkeme yarg\u0131c\u0131, kilitlenmeyi a\u015fmak i\u00e7in &#8220;son \u015fans&#8221; olarak de\u011ferlendirilen \u00f6zel hukuk kural\u0131n\u0131 devreye soktu.ABD&#8217;de 2023 y\u0131l\u0131nda \u00fc\u00e7 \u00e7ocu\u011funu \u00f6ld\u00fcren Lindsay Clancy&#8217;nin yarg\u0131land\u0131\u011f\u0131 davada j\u00fcri \u00fcyeleri 28 saatlik g\u00f6r\u00fc\u015fmenin ard\u0131ndan yine uzla\u015fmaya varamad\u0131. Mahkeme yarg\u0131c\u0131, kilitlenmeyi a\u015fmak [&hellip;]<\/p>\n","protected":false},"author":1,"featured_media":42305,"comment_status":"open","ping_status":"open","sticky":false,"template":"","format":"standard","meta":{"footnotes":"","_links_to":"","_links_to_target":""},"categories":[1],"tags":[],"class_list":["post-42304","post","type-post","status-publish","format-standard","has-post-thumbnail","hentry","category-haberler"],"_links":{"self":[{"href":"https:\/\/www.abchukuk.com\/index.php\/wp-json\/wp\/v2\/posts\/42304","targetHints":{"allow":["GET"]}}],"collection":[{"href":"https:\/\/www.abchukuk.com\/index.php\/wp-json\/wp\/v2\/posts"}],"about":[{"href":"https:\/\/www.abchukuk.com\/index.php\/wp-json\/wp\/v2\/types\/post"}],"author":[{"embeddable":true,"href":"https:\/\/www.abchukuk.com\/index.php\/wp-json\/wp\/v2\/users\/1"}],"replies":[{"embeddable":true,"href":"https:\/\/www.abchukuk.com\/index.php\/wp-json\/wp\/v2\/comments?post=42304"}],"version-history":[{"count":0,"href":"https:\/\/www.abchukuk.com\/index.php\/wp-json\/wp\/v2\/posts\/42304\/revisions"}],"wp:featuredmedia":[{"embeddable":true,"href":"https:\/\/www.abchukuk.com\/index.php\/wp-json\/wp\/v2\/media\/42305"}],"wp:attachment":[{"href":"https:\/\/www.abchukuk.com\/index.php\/wp-json\/wp\/v2\/media?parent=42304"}],"wp:term":[{"taxonomy":"category","embeddable":true,"href":"https:\/\/www.abchukuk.com\/index.php\/wp-json\/wp\/v2\/categories?post=42304"},{"taxonomy":"post_tag","embeddable":true,"href":"https:\/\/www.abchukuk.com\/index.php\/wp-json\/wp\/v2\/tags?post=42304"}],"curies":[{"name":"wp","href":"https:\/\/api.w.org\/{rel}","templated":true}]}}